{"id":40243,"date":"2015-09-29T15:56:55","date_gmt":"2015-09-29T12:56:55","guid":{"rendered":"http:\/\/www.tucomarca.com\/wordpress\/segunda\/?p=40243"},"modified":"2015-09-29T15:56:58","modified_gmt":"2015-09-29T12:56:58","slug":"comencen-a-treballar-a-alemanya-una-veintena-de-joves-de-la-pobla-de-vallbona","status":"publish","type":"post","link":"https:\/\/www.tucomarca.com\/wordpress\/segunda\/comencen-a-treballar-a-alemanya-una-veintena-de-joves-de-la-pobla-de-vallbona\/","title":{"rendered":"Comencen a treballar a Alemanya una veintena de joves de La Pobla de Vallbona"},"content":{"rendered":"<p><a href=\"https:\/\/www.tucomarca.com\/wordpress\/segunda\/2015\/09\/comencen-a-treballar-a-alemanya-una-veintena-de-joves-de-la-pobla-de-vallbona\/la-pobla-13\/\" rel=\"attachment wp-att-40244\"><img loading=\"lazy\" decoding=\"async\" src=\"https:\/\/www.tucomarca.com\/wordpress\/segunda\/wp-content\/uploads\/2015\/09\/La-pobla-300x199.jpg\" alt=\"\" title=\"La pobla\" width=\"300\" height=\"199\" class=\"alignleft size-medium wp-image-40244\" srcset=\"https:\/\/www.tucomarca.com\/wordpress\/segunda\/wp-content\/uploads\/2015\/09\/La-pobla-300x199.jpg 300w, https:\/\/www.tucomarca.com\/wordpress\/segunda\/wp-content\/uploads\/2015\/09\/La-pobla-1024x682.jpg 1024w, https:\/\/www.tucomarca.com\/wordpress\/segunda\/wp-content\/uploads\/2015\/09\/La-pobla.jpg 1181w\" sizes=\"auto, (max-width: 300px) 100vw, 300px\" \/><\/a>Este mes de setembre han comen\u00e7at a treballar a la localitat alemanya de Barleben i en altres municipis dels voltants 22 joves de la Pobla de Vallbona. Despr\u00e9s de sis setmanes de formaci\u00f3 en Alemanya, han aconseguit ara un contracte de formaci\u00f3 per a tres anys.<br \/>\nLa inserci\u00f3 laboral d\u2019estos joves d\u2019entre 20 i 27 anys arriba gr\u00e0cies a un programa de formaci\u00f3 dual i als convenis establerts entre l\u2019Ajuntament de la Pobla de Vallbona, l\u2019Ajuntament de Barleben i la Cambra de Comer\u00e7 i Ind\u00fastria de Magdeburg. Mitjan\u00e7ant este programa de formaci\u00f3 dual els joves assistiran a classes de Formaci\u00f3 Professional i al mateix temps treballaran amb un contracte de formaci\u00f3.<br \/>\nEsta setmana tots ells han rebut la benvinguda oficial per part de la Cambra de Comer\u00e7 de Magdeburg i de l\u2019Ajuntament de Magdeburg amb la pres\u00e8ncia tamb\u00e9 d\u2019un delegat de l\u2019ambaixada espanyola a Alemanya. Com a representants de l\u2019Ajuntament de la Pobla de Vallbona van estar el regidor de Desenvolupament Local, Javier N\u00f3voa, i el regidor de Medi Ambient i Participaci\u00f3 Ciutadana, Javier Descalzo, que han mantingut reunions sectorials per tal d\u2019establir nous projectes en mat\u00e8ria de sostenibilitat i Medi Ambient, a m\u00e9s d&#8217;inserci\u00f3 laboral. Per al regidor Javier N\u00f3voa \u201cla visita ha servit per comprovar com s\u2019han integrat els joves i tamb\u00e9 per consolidar el conveni que ja est\u00e0 en marxa\u201d<br \/>\nEls joves s\u2019han incorporat a treballar en el sector de l\u2019hostaleria i tamb\u00e9 en empreses de mec\u00e0nica industrial i atenci\u00f3 de persones majors,  principalment. Despr\u00e9s d\u2019un curs d\u2019alemany i de les sis setmanes que ja duien de formaci\u00f3, ara s\u2019integren de manera efectiva en el mercat laboral d\u2019Alemanya.<br \/>\nAquest octubre es despla\u00e7aran fins a la Pobla de Vallbona els t\u00e8cnics alemanys que supervisen la formaci\u00f3 i els representants de la Cambra de Comer\u00e7 de Magdeburg per tal de continuar amb este programa de formaci\u00f3 dual i iniciar el proc\u00e9s de selecci\u00f3n de nous candidats. Un proc\u00e9s obert a qualsevol interesat a formar-se i treballar en Alemanya.<\/p>\n","protected":false},"excerpt":{"rendered":"<div class=\"mh-excerpt\">Este mes de setembre han comen\u00e7at a treballar a la localitat alemanya de Barleben i en altres municipis dels voltants 22 joves de la Pobla de Vallbona. Despr\u00e9s de sis setmanes de formaci\u00f3 en Alemanya, <a class=\"mh-excerpt-more\" href=\"https:\/\/www.tucomarca.com\/wordpress\/segunda\/comencen-a-treballar-a-alemanya-una-veintena-de-joves-de-la-pobla-de-vallbona\/\" title=\"Comencen a treballar a Alemanya una veintena de joves de La Pobla de Vallbona\">[+] <\/a><\/div>\n","protected":false},"author":2,"featured_media":40244,"comment_status":"open","ping_status":"open","sticky":false,"template":"","format":"standard","meta":{"footnotes":""},"categories":[46,8,174,3,45],"tags":[8915,5767,2646,10430,8914],"class_list":{"0":"post-40243","1":"post","2":"type-post","3":"status-publish","4":"format-standard","5":"has-post-thumbnail","7":"category-camp-de-turia","8":"category-la-comarca","9":"category-la-pobla","10":"category-seccion","11":"category-ventana","12":"tag-alemanya","13":"tag-comencen","14":"tag-joves","15":"tag-la-pobla","16":"tag-treballar"},"_links":{"self":[{"href":"https:\/\/www.tucomarca.com\/wordpress\/segunda\/wp-json\/wp\/v2\/posts\/40243","targetHints":{"allow":["GET"]}}],"collection":[{"href":"https:\/\/www.tucomarca.com\/wordpress\/segunda\/wp-json\/wp\/v2\/posts"}],"about":[{"href":"https:\/\/www.tucomarca.com\/wordpress\/segunda\/wp-json\/wp\/v2\/types\/post"}],"author":[{"embeddable":true,"href":"https:\/\/www.tucomarca.com\/wordpress\/segunda\/wp-json\/wp\/v2\/users\/2"}],"replies":[{"embeddable":true,"href":"https:\/\/www.tucomarca.com\/wordpress\/segunda\/wp-json\/wp\/v2\/comments?post=40243"}],"version-history":[{"count":0,"href":"https:\/\/www.tucomarca.com\/wordpress\/segunda\/wp-json\/wp\/v2\/posts\/40243\/revisions"}],"wp:featuredmedia":[{"embeddable":true,"href":"https:\/\/www.tucomarca.com\/wordpress\/segunda\/wp-json\/wp\/v2\/media\/40244"}],"wp:attachment":[{"href":"https:\/\/www.tucomarca.com\/wordpress\/segunda\/wp-json\/wp\/v2\/media?parent=40243"}],"wp:term":[{"taxonomy":"category","embeddable":true,"href":"https:\/\/www.tucomarca.com\/wordpress\/segunda\/wp-json\/wp\/v2\/categories?post=40243"},{"taxonomy":"post_tag","embeddable":true,"href":"https:\/\/www.tucomarca.com\/wordpress\/segunda\/wp-json\/wp\/v2\/tags?post=40243"}],"curies":[{"name":"wp","href":"https:\/\/api.w.org\/{rel}","templated":true}]}}