{"id":40250,"date":"2015-09-29T19:08:56","date_gmt":"2015-09-29T16:08:56","guid":{"rendered":"http:\/\/www.tucomarca.com\/wordpress\/segunda\/?p=40250"},"modified":"2015-09-29T19:08:56","modified_gmt":"2015-09-29T16:08:56","slug":"la-unio-de-llauradors-impartira-ensenanzas-sobre-agricultura-ecologica","status":"publish","type":"post","link":"https:\/\/www.tucomarca.com\/wordpress\/segunda\/la-unio-de-llauradors-impartira-ensenanzas-sobre-agricultura-ecologica\/","title":{"rendered":"La Uni\u00f3 de Llauradors impartir\u00e1 ense\u00f1anzas sobre agricultura ecol\u00f3gica"},"content":{"rendered":"<p>La Uni\u00f3 de Llauradors impartir\u00e1 en la comarca Requena-Utiel un curso gratuito sobre Iniciaci\u00f3n a la Agricultura Ecol\u00f3gica en la segunda quincena de octubre. Una condici\u00f3n indispensable para los agricultores que quieran beneficiarse del curso es su situaci\u00f3n de alta en la Seguridad Social.<br \/>\nLas inscripciones para asistir al mencionado curso podr\u00e1n realizarla los agricultores en la oficina que tiene la Uni\u00f3 en Utiel.<br \/>\nCabe tener en cuenta que, la producci\u00f3n ecol\u00f3gica est\u00e1 creciendo de forma destacada en la comarca sobre todo en el cultivo de uva para vino. Informa Luis Ib\u00e1\u00f1ez.<\/p>\n","protected":false},"excerpt":{"rendered":"<div class=\"mh-excerpt\">La Uni\u00f3 de Llauradors impartir\u00e1 en la comarca Requena-Utiel un curso gratuito sobre Iniciaci\u00f3n a la Agricultura Ecol\u00f3gica en la segunda quincena de octubre. Una condici\u00f3n indispensable para los agricultores que quieran beneficiarse del curso <a class=\"mh-excerpt-more\" href=\"https:\/\/www.tucomarca.com\/wordpress\/segunda\/la-unio-de-llauradors-impartira-ensenanzas-sobre-agricultura-ecologica\/\" title=\"La Uni\u00f3 de Llauradors impartir\u00e1 ense\u00f1anzas sobre agricultura ecol\u00f3gica\">[+] <\/a><\/div>\n","protected":false},"author":2,"featured_media":0,"comment_status":"open","ping_status":"open","sticky":false,"template":"","format":"standard","meta":{"footnotes":""},"categories":[113,28,27,3],"tags":[8917,8916,5402],"class_list":{"0":"post-40250","1":"post","2":"type-post","3":"status-publish","4":"format-standard","6":"category-vinos","7":"category-requena","8":"category-requena-utiel","9":"category-seccion","10":"tag-agricultura-ecologica","11":"tag-ensenanza","12":"tag-unio-de-llauradors"},"_links":{"self":[{"href":"https:\/\/www.tucomarca.com\/wordpress\/segunda\/wp-json\/wp\/v2\/posts\/40250","targetHints":{"allow":["GET"]}}],"collection":[{"href":"https:\/\/www.tucomarca.com\/wordpress\/segunda\/wp-json\/wp\/v2\/posts"}],"about":[{"href":"https:\/\/www.tucomarca.com\/wordpress\/segunda\/wp-json\/wp\/v2\/types\/post"}],"author":[{"embeddable":true,"href":"https:\/\/www.tucomarca.com\/wordpress\/segunda\/wp-json\/wp\/v2\/users\/2"}],"replies":[{"embeddable":true,"href":"https:\/\/www.tucomarca.com\/wordpress\/segunda\/wp-json\/wp\/v2\/comments?post=40250"}],"version-history":[{"count":0,"href":"https:\/\/www.tucomarca.com\/wordpress\/segunda\/wp-json\/wp\/v2\/posts\/40250\/revisions"}],"wp:attachment":[{"href":"https:\/\/www.tucomarca.com\/wordpress\/segunda\/wp-json\/wp\/v2\/media?parent=40250"}],"wp:term":[{"taxonomy":"category","embeddable":true,"href":"https:\/\/www.tucomarca.com\/wordpress\/segunda\/wp-json\/wp\/v2\/categories?post=40250"},{"taxonomy":"post_tag","embeddable":true,"href":"https:\/\/www.tucomarca.com\/wordpress\/segunda\/wp-json\/wp\/v2\/tags?post=40250"}],"curies":[{"name":"wp","href":"https:\/\/api.w.org\/{rel}","templated":true}]}}