{"id":40252,"date":"2015-09-29T19:11:10","date_gmt":"2015-09-29T16:11:10","guid":{"rendered":"http:\/\/www.tucomarca.com\/wordpress\/segunda\/?p=40252"},"modified":"2015-09-29T19:11:10","modified_gmt":"2015-09-29T16:11:10","slug":"infraestructuras-se-reune-con-representantes-vilamarxant-massamagrell-y-chiva-para-analizar-la-situacion-de-la-vivienda","status":"publish","type":"post","link":"https:\/\/www.tucomarca.com\/wordpress\/segunda\/infraestructuras-se-reune-con-representantes-vilamarxant-massamagrell-y-chiva-para-analizar-la-situacion-de-la-vivienda\/","title":{"rendered":"Infraestructuras se re\u00fane con representantes Vilamarxant, Massamagrell y Chiva para analizar la situaci\u00f3n de la vivienda"},"content":{"rendered":"<p>La directora general de la Entidad de Infraestructuras de la Generalitat (EIGE), Blanca Mar\u00edn, se ha reunido con los representantes municipales de Vilamarxant, Castalla, Algemes\u00ed, Massamagrell y Chiva con el objetivo de analizar la situaci\u00f3n de las viviendas sociales y de propiedad de EIGE en sus respectivas poblaciones.<\/p>\n<p>En el encuentro mantenido con el concejal de Servicios Sociales de Vilamarxant, Salvador Golfe, se ha hablado sobre las cinco viviendas para personas mayores disponibles y que EIGE gestiona en el municipio. Blanca Mar\u00edn ha informado que los inmuebles est\u00e1n repar\u00e1ndose y en el momento que est\u00e9n habitables, se alquilar\u00e1n.<\/p>\n<p>Adem\u00e1s, la Conselleria, a trav\u00e9s de EIGE, ha solicitado al Ayuntamiento de Vilamarxant, al igual que a los restantes municipios, modificar la ordenanza municipal para aprobar bonificaciones en la cuota del Impuesto de Bienes Inmuebles (IBI) en las viviendas propias.<\/p>\n<p>La Conselleria tambi\u00e9n dispone de una vivienda del parque p\u00fablico de la Generalitat que est\u00e1 vac\u00eda y que requiere una reparaci\u00f3n. El Ayuntamiento de Vilamarxant se ha ofrecido a reformarla para ofrecerla a una familia en el menor plazo de tiempo posible.<\/p>\n<p>Por lo que respecta a Castalla, a la reuni\u00f3n asistieron el alcalde, Antonio Bernabeu, y la concejal de Vivienda, M\u00aa Teresa Gimeno. En ella se analiz\u00f3 la situaci\u00f3n del parque p\u00fablico de la Generalitat y se acord\u00f3 entregar en breve nueve viviendas en r\u00e9gimen de alquiler a personas con dificultades econ\u00f3micas.<\/p>\n<p>EIGE gestiona en Castalla una promoci\u00f3n de 48 viviendas destinadas a mayores y j\u00f3venes. La entidad y el consistorio han acordado impulsar una labor comercial conjunta para potenciar el alquiler de estos pisos que tienen una renta mensual de 158 euros, tras aplicarse una bonificaci\u00f3n del 15% en el arrendamiento.<\/p>\n<p>Reparaci\u00f3n conjunta<\/p>\n<p>Blanca Mar\u00edn tambi\u00e9n se ha reunido con la concejal de Servicios Sociales de Algemes\u00ed, Anna Girbes, y han anunciado la pr\u00f3xima entrega de siete viviendas de alquiler social. De ellas, cuatro est\u00e1n siendo reparadas por el Ayuntamiento tras un acuerdo alcanzado con la Generalitat y las tres restantes por la Conselleria de Vivienda, Obras P\u00fablicas y Vertebraci\u00f3n del Territorio.<\/p>\n<p>La directora de EIGE y el alcalde de Massamagrell, Paco G\u00f3mez, han mantenido un encuentro en el que tambi\u00e9n han participado la concejal de Bienestar Social, Josefa Sep\u00falveda, y la edil de Urbanismo, Raquel G\u00f3mez.<\/p>\n<p>En este caso se ha analizado la problem\u00e1tica que se vive en el grupo de viviendas La Magdalena. Ambas administraciones han decidido crear un plan integral de actuaci\u00f3n conjunto para la normalizaci\u00f3n de la convivencia en esta zona. Para ello, la Conselleria y el Consistorio van a intensificar una campa\u00f1a informativa entre los vecinos de la zona.<\/p>\n<p>Por lo que respecta a Chiva, el alcalde Emilio Morales y la concejal de Bienestar Social, Cristina Su\u00e1rez, se ha decidido que Generalitat y Consistorio estudien la forma para reparar siete viviendas sociales en el municipio para ponerlas a disposici\u00f3n de las familias cuanto antes.<\/p>\n<p>Destacar que en todas las reuniones celebradas, la directora general de EIGE ha comunicado que se va a intensificar la presencia de los t\u00e9cnicos de la entidad para informar a los inquilinos de los pisos sociales sobre las ayudas existentes para facilitarles el pago de sus arrendamientos y, de esta forma, normalizar la situaci\u00f3n del parque de viviendas.<\/p>\n","protected":false},"excerpt":{"rendered":"<div class=\"mh-excerpt\">La directora general de la Entidad de Infraestructuras de la Generalitat (EIGE), Blanca Mar\u00edn, se ha reunido con los representantes municipales de Vilamarxant, Castalla, Algemes\u00ed, Massamagrell y Chiva con el objetivo de analizar la situaci\u00f3n <a class=\"mh-excerpt-more\" href=\"https:\/\/www.tucomarca.com\/wordpress\/segunda\/infraestructuras-se-reune-con-representantes-vilamarxant-massamagrell-y-chiva-para-analizar-la-situacion-de-la-vivienda\/\" title=\"Infraestructuras se re\u00fane con representantes Vilamarxant, Massamagrell y Chiva para analizar la situaci\u00f3n de la vivienda\">[+] <\/a><\/div>\n","protected":false},"author":2,"featured_media":0,"comment_status":"open","ping_status":"open","sticky":false,"template":"","format":"standard","meta":{"footnotes":""},"categories":[46,16,72,10,3,184],"tags":[10384,723,967,10439,2672],"class_list":{"0":"post-40252","1":"post","2":"type-post","3":"status-publish","4":"format-standard","6":"category-camp-de-turia","7":"category-chiva","8":"category-sin-categorizar","9":"category-la-hoya","10":"category-seccion","11":"category-vilamarxant","12":"tag-chiva","13":"tag-generalitat","14":"tag-reunion","15":"tag-vilamarxant","16":"tag-vivienda"},"_links":{"self":[{"href":"https:\/\/www.tucomarca.com\/wordpress\/segunda\/wp-json\/wp\/v2\/posts\/40252","targetHints":{"allow":["GET"]}}],"collection":[{"href":"https:\/\/www.tucomarca.com\/wordpress\/segunda\/wp-json\/wp\/v2\/posts"}],"about":[{"href":"https:\/\/www.tucomarca.com\/wordpress\/segunda\/wp-json\/wp\/v2\/types\/post"}],"author":[{"embeddable":true,"href":"https:\/\/www.tucomarca.com\/wordpress\/segunda\/wp-json\/wp\/v2\/users\/2"}],"replies":[{"embeddable":true,"href":"https:\/\/www.tucomarca.com\/wordpress\/segunda\/wp-json\/wp\/v2\/comments?post=40252"}],"version-history":[{"count":0,"href":"https:\/\/www.tucomarca.com\/wordpress\/segunda\/wp-json\/wp\/v2\/posts\/40252\/revisions"}],"wp:attachment":[{"href":"https:\/\/www.tucomarca.com\/wordpress\/segunda\/wp-json\/wp\/v2\/media?parent=40252"}],"wp:term":[{"taxonomy":"category","embeddable":true,"href":"https:\/\/www.tucomarca.com\/wordpress\/segunda\/wp-json\/wp\/v2\/categories?post=40252"},{"taxonomy":"post_tag","embeddable":true,"href":"https:\/\/www.tucomarca.com\/wordpress\/segunda\/wp-json\/wp\/v2\/tags?post=40252"}],"curies":[{"name":"wp","href":"https:\/\/api.w.org\/{rel}","templated":true}]}}