{"id":40254,"date":"2015-09-29T19:13:44","date_gmt":"2015-09-29T16:13:44","guid":{"rendered":"http:\/\/www.tucomarca.com\/wordpress\/segunda\/?p=40254"},"modified":"2015-09-29T19:13:44","modified_gmt":"2015-09-29T16:13:44","slug":"jorge-rodriguez-anuncia-obras-por-14-millones-en-las-carreteras-del-rincon-de-ademuz","status":"publish","type":"post","link":"https:\/\/www.tucomarca.com\/wordpress\/segunda\/jorge-rodriguez-anuncia-obras-por-14-millones-en-las-carreteras-del-rincon-de-ademuz\/","title":{"rendered":"Jorge Rodr\u00edguez anuncia obras por 1,4 millones en las carreteras del Rinc\u00f3n de Ademuz"},"content":{"rendered":"<p>El presidente de la Diputaci\u00f3n de Valencia, Jorge Rodr\u00edguez, ha anunciado esta ma\u00f1ana en Ademuz junto a la vicepresidenta Mar\u00eda Josep Amig\u00f3, en el transcurso de su reuni\u00f3n con los alcaldes de la comarca, que la nueva Diputaci\u00f3n de Valencia invertir\u00e1 1,4 millones en actuaciones de mejora de carreteras de la comarca, dando respuesta, as\u00ed, a las demandas de los alcaldes.<\/p>\n<p>Concretamente, se actuar\u00e1 en la CV-478, de Ademuz al l\u00edmite de la provincia por Vallanca. La actuaci\u00f3n consistir\u00e1 en la pavimentaci\u00f3n del PK 5 al PK 15, y en la CV-479, desde la N-420 al l\u00edmite provincial por Castielfabib, se mejorar\u00e1 el asfaltado del tramo comprendido entre el PK 4+100 al PK 5+600. Igualmente se mejorar\u00e1 la CV-482 que da acceso a la aldea de la Cuesta del Rato mediante la pavimentaci\u00f3n del PK 0 al PK 1+280.<\/p>\n<p>Un ejercicio de transparencia<\/p>\n<p>Seg\u00fan ha informado el tambi\u00e9n alcalde de Ontinyent, la nueva Diputaci\u00f3n se ha planteado el objetivo de \u201cser nosotros los que nos desplacemos a los municipios para ser proactivos, por ello comenzamos estas rondas de contactos y nos desplazamos a las comarcas para escucharos\u201d.<\/p>\n<p>En ese sentido, la vicepresidenta abund\u00f3 en los mismos argumentos al afirmar que \u201chemos venido aqu\u00ed tal cual os prometimos, las cosas han cambiado en la Diputaci\u00f3n despu\u00e9s de 20 a\u00f1os y nuestra voluntad es acercar la Diputaci\u00f3n a los pueblos y valorar sobre el terreno cu\u00e1les son vuestras necesidades\u201d.<\/p>\n<p>Menos planes, m\u00e1s dinero y m\u00e1s autonom\u00eda<\/p>\n<p>El presidente coment\u00f3 a los primeros ediles que \u201cla Diputaci\u00f3n necesita hacer un ejercicio de transparencia, queremos que sea portadora de buenas noticias y que sea objetiva. Para ello, queremos que se establezca una serie de criterios para que el reparto de fondos sea objetivo y que otorgue autonom\u00eda a los municipios, porque cada uno en su localidad sabe lo que necesita\u201d, ha afirmado el presidente.<\/p>\n<p>Por ello fij\u00f3 la pol\u00edtica de la nueva Diputaci\u00f3n en que habr\u00e1 menos planes con m\u00e1s dinero y m\u00e1s autonom\u00eda. \u201cQueremos realizar pocos planes de inversi\u00f3n en lugar de tanta diversidad como hasta ahora, pero unos planes de mayor cuant\u00eda presupuestaria y que no sean tan espec\u00edficos ni tan encorsetados, sino que otorguen total autonom\u00eda a los municipios. La idea es que la Diputaci\u00f3n dispone fondos para los municipios y son ellos los que deciden su fin. Y todo ello con criterios que incluyan un factor correctivo para mejorar a los m\u00e1s peque\u00f1os \u201d.<\/p>\n<p>Jorge Rodr\u00edguez ha asegurado tambi\u00e9n que \u201cla Diputaci\u00f3n tiene que ser una instituci\u00f3n que coopere entre las administraciones para que vayamos todos a una\u201d. En este sentido, ha afirmado que \u201cpara llegar a m\u00e1s gente hay que complementarse y servir de correa de transmisi\u00f3n\u201d.<\/p>\n<p>150.000 euros para cada pueblo peque\u00f1o<\/p>\n<p>Por otro lado, seg\u00fan ha avanzado tambi\u00e9n el presidente Jorge Rodr\u00edguez, la Diputaci\u00f3n tiene que premiar claramente a los municipios m\u00e1s peque\u00f1os. \u201cTen\u00e9is una potencialidad importante pero dificultades econ\u00f3micas, por ello, hemos puesto en marcha el Plan de Inversiones Sostenibles para que ninguna poblaci\u00f3n reciba menos de 50.000 euros\u201d.<\/p>\n<p>En este sentido, tanto Jorge Rodriguez como Mar\u00eda Josep Amig\u00f3 han precisado que el pr\u00f3ximo a\u00f1o, los municipios que han recibido estos 50.000 euros recibir\u00e1n 150.000 euros de forma directa\u201d.<\/p>\n<p>En lo que se refiere a las ayudas de emergencia para paliar los da\u00f1os causados por las lluvias torrenciales del mes de agosto, el presidente Jorge Rodr\u00edguez ha recordado que el pleno de la Diputaci\u00f3n aprob\u00f3 por unanimidad una moci\u00f3n para poner al alcance de las poblaciones afectadas recursos para mejoras en el casco urbano. \u201cSe trata de una partida de 700.000 euros para actuaciones de emergencia que complementa las ayudas de la Generalitat Valenciana destinadas a infraestructuras agrarias\u201d, ha apuntado.<\/p>\n<p>En esta l\u00ednea, ha afirmado que estas ayudas se canalizar\u00e1n a trav\u00e9s del \u00e1rea de Cooperaci\u00f3n, que dirige Emili Altur, y ha asegurado que ser\u00e1n los propios municipios los que realizar\u00e1n las contrataciones para beneficiar a la econom\u00eda local.<\/p>\n<p>El responsable de la Diputaci\u00f3n, tras las dudas presentadas por los alcaldes sobre c\u00f3mo coordinar estas subvenciones, ha planteado organizar una reuni\u00f3n entre los ayuntamientos, la Conselleria y el diputado de Cooperaci\u00f3n para estipular de forma clara los tiempos de las ayudas y  analizar c\u00f3mo asumir los gastos ya realizados por los ayuntamientos.<\/p>\n<p>El presidente Jorge Rodr\u00edguez ha expresado la voluntad de la Diputaci\u00f3n de que \u201clas ayudas no est\u00e9n encorsetadas, por ello, si existen necesidades que est\u00e1n fuera del \u00e1mbito de caminos o acequias se canalizar\u00e1 tambi\u00e9n\u201d, ha afirmado.<\/p>\n<p>Amig\u00f3: \u201cQueremos acercar la Diputaci\u00f3n a los pueblos\u201d<\/p>\n<p>Amig\u00f3 ha asegurado que de cara al presupuesto de 2016 \u201cvamos a trabajar en temas que sean necesarios para los vecinos de los municipios que son, al final, nuestro principal objetivo\u201d.<\/p>\n<p>As\u00ed, la vicepresidenta ha dicho a los alcaldes que \u201cestamos aqu\u00ed para escuchar y tomar nota y vamos a intentar que las cosas cambien ajustando las ayudas que ofrece la Diputaci\u00f3n a vuestras necesidades, dejando de lado los proyectos fara\u00f3nicos y teniendo en cuenta, precisamente, vuestras ideas y necesidades\u201d.<\/p>\n<p>Los alcaldes de Ademuz, Casas Altas, Casas Bajas, Castielfabib, Puebla de San Miguel, Torrebaja y Vallanca han valorado positivamente la nueva pol\u00edtica de abrir los planes en favor de la autonom\u00eda muncipal y han agradecido la disposici\u00f3n de la Diputaci\u00f3n para escuchar las necesidades y problemas m\u00e1s urgentes de estas poblaciones y sus aspiraciones. Entre ellas citaron el turismo rural del que comentaron que en la comarca hay mucho alojamiento, pero la gente no llega en la cantidad deseada, de modo que plantearon la posibilidad de desarrollar l\u00edneas como la producci\u00f3n y distribuci\u00f3n de biomasa aprovechando la riqueza forestal de la zona, As\u00ed mismo reclamaron m\u00e1s ayudas de Benestar Social<\/p>\n","protected":false},"excerpt":{"rendered":"<div class=\"mh-excerpt\">El presidente de la Diputaci\u00f3n de Valencia, Jorge Rodr\u00edguez, ha anunciado esta ma\u00f1ana en Ademuz junto a la vicepresidenta Mar\u00eda Josep Amig\u00f3, en el transcurso de su reuni\u00f3n con los alcaldes de la comarca, que <a class=\"mh-excerpt-more\" href=\"https:\/\/www.tucomarca.com\/wordpress\/segunda\/jorge-rodriguez-anuncia-obras-por-14-millones-en-las-carreteras-del-rincon-de-ademuz\/\" title=\"Jorge Rodr\u00edguez anuncia obras por 1,4 millones en las carreteras del Rinc\u00f3n de Ademuz\">[+] <\/a><\/div>\n","protected":false},"author":2,"featured_media":0,"comment_status":"open","ping_status":"open","sticky":false,"template":"","format":"standard","meta":{"footnotes":""},"categories":[49,128,8,3],"tags":[445,204,433,1318],"class_list":{"0":"post-40254","1":"post","2":"type-post","3":"status-publish","4":"format-standard","6":"category-ademuz","7":"category-infraestructuras","8":"category-la-comarca","9":"category-seccion","10":"tag-carreteras","11":"tag-diputacion","12":"tag-inversion","13":"tag-rincon-de-ademuz"},"_links":{"self":[{"href":"https:\/\/www.tucomarca.com\/wordpress\/segunda\/wp-json\/wp\/v2\/posts\/40254","targetHints":{"allow":["GET"]}}],"collection":[{"href":"https:\/\/www.tucomarca.com\/wordpress\/segunda\/wp-json\/wp\/v2\/posts"}],"about":[{"href":"https:\/\/www.tucomarca.com\/wordpress\/segunda\/wp-json\/wp\/v2\/types\/post"}],"author":[{"embeddable":true,"href":"https:\/\/www.tucomarca.com\/wordpress\/segunda\/wp-json\/wp\/v2\/users\/2"}],"replies":[{"embeddable":true,"href":"https:\/\/www.tucomarca.com\/wordpress\/segunda\/wp-json\/wp\/v2\/comments?post=40254"}],"version-history":[{"count":0,"href":"https:\/\/www.tucomarca.com\/wordpress\/segunda\/wp-json\/wp\/v2\/posts\/40254\/revisions"}],"wp:attachment":[{"href":"https:\/\/www.tucomarca.com\/wordpress\/segunda\/wp-json\/wp\/v2\/media?parent=40254"}],"wp:term":[{"taxonomy":"category","embeddable":true,"href":"https:\/\/www.tucomarca.com\/wordpress\/segunda\/wp-json\/wp\/v2\/categories?post=40254"},{"taxonomy":"post_tag","embeddable":true,"href":"https:\/\/www.tucomarca.com\/wordpress\/segunda\/wp-json\/wp\/v2\/tags?post=40254"}],"curies":[{"name":"wp","href":"https:\/\/api.w.org\/{rel}","templated":true}]}}