{"id":40261,"date":"2015-09-29T19:24:37","date_gmt":"2015-09-29T16:24:37","guid":{"rendered":"http:\/\/www.tucomarca.com\/wordpress\/segunda\/?p=40261"},"modified":"2015-09-29T19:24:37","modified_gmt":"2015-09-29T16:24:37","slug":"fira-del-llibre-a-la-pobla-de-vallbona","status":"publish","type":"post","link":"https:\/\/www.tucomarca.com\/wordpress\/segunda\/fira-del-llibre-a-la-pobla-de-vallbona\/","title":{"rendered":"Fira del Llibre a la Pobla de Vallbona"},"content":{"rendered":"<p>Els pr\u00f2xims dies 2, 3 i 4 d\u2019octubre se celebrar\u00e0 la Fira del Llibre a la Pobla de Vallbona. \u00c9s la primera volta que te lloc al municipi i contar\u00e0 amb la pres\u00e8ncia de diferents editorials i llibreries que mostraran tot un ventall de propostes liter\u00e0ries.<\/p>\n<p>El certamen, organitzat des de l\u2019Ajuntament de la Pobla de Vallbona,  s\u2019ubicar\u00e0 al Parc Municipal Benjamin March Civera i tamb\u00e9 estaran presents diferents associacions culturals del municipi aix\u00ed com paradetes d\u2019artesania.<\/p>\n<p>Per a la regidora de Cultura, Beatriu Gimeno, \u201chi ha un comprom\u00eds de les administracions p\u00fabliques amb la cultura i amb este esdeveniment  es vol fomentar l\u2019afici\u00f3 a lectura especialment en valenci\u00e0 tant per a adults com per a xiquets\u201d.<\/p>\n<p>Entre les activitats paral.leles hi haur\u00e0 moltes propostes per als m\u00e9s menuts: castell unflable, tallers de maquillatge, de creaci\u00f3 de \u201cpunts de llibre\u201d, animacions i ambientaci\u00f3 musical amb dol\u00e7aina i tabal.<\/p>\n<p>La Fira de Llibre arrancar\u00e0 divendres a les cinc de la vesprada fins a les nou de la nit. L\u2019horari per a dissabte i diumenge ser\u00e1 de dotze a dos i per la vesprada de cinc a nou.<\/p>\n","protected":false},"excerpt":{"rendered":"<div class=\"mh-excerpt\">Els pr\u00f2xims dies 2, 3 i 4 d\u2019octubre se celebrar\u00e0 la Fira del Llibre a la Pobla de Vallbona. \u00c9s la primera volta que te lloc al municipi i contar\u00e0 amb la pres\u00e8ncia de diferents <a class=\"mh-excerpt-more\" href=\"https:\/\/www.tucomarca.com\/wordpress\/segunda\/fira-del-llibre-a-la-pobla-de-vallbona\/\" title=\"Fira del Llibre a la Pobla de Vallbona\">[+] <\/a><\/div>\n","protected":false},"author":2,"featured_media":0,"comment_status":"open","ping_status":"open","sticky":false,"template":"","format":"standard","meta":{"footnotes":""},"categories":[4,3],"tags":[5064,6066,1874],"class_list":{"0":"post-40261","1":"post","2":"type-post","3":"status-publish","4":"format-standard","6":"category-agenda","7":"category-seccion","8":"tag-fira","9":"tag-llibre","10":"tag-pobla-de-vallbona"},"_links":{"self":[{"href":"https:\/\/www.tucomarca.com\/wordpress\/segunda\/wp-json\/wp\/v2\/posts\/40261","targetHints":{"allow":["GET"]}}],"collection":[{"href":"https:\/\/www.tucomarca.com\/wordpress\/segunda\/wp-json\/wp\/v2\/posts"}],"about":[{"href":"https:\/\/www.tucomarca.com\/wordpress\/segunda\/wp-json\/wp\/v2\/types\/post"}],"author":[{"embeddable":true,"href":"https:\/\/www.tucomarca.com\/wordpress\/segunda\/wp-json\/wp\/v2\/users\/2"}],"replies":[{"embeddable":true,"href":"https:\/\/www.tucomarca.com\/wordpress\/segunda\/wp-json\/wp\/v2\/comments?post=40261"}],"version-history":[{"count":0,"href":"https:\/\/www.tucomarca.com\/wordpress\/segunda\/wp-json\/wp\/v2\/posts\/40261\/revisions"}],"wp:attachment":[{"href":"https:\/\/www.tucomarca.com\/wordpress\/segunda\/wp-json\/wp\/v2\/media?parent=40261"}],"wp:term":[{"taxonomy":"category","embeddable":true,"href":"https:\/\/www.tucomarca.com\/wordpress\/segunda\/wp-json\/wp\/v2\/categories?post=40261"},{"taxonomy":"post_tag","embeddable":true,"href":"https:\/\/www.tucomarca.com\/wordpress\/segunda\/wp-json\/wp\/v2\/tags?post=40261"}],"curies":[{"name":"wp","href":"https:\/\/api.w.org\/{rel}","templated":true}]}}