{"id":40272,"date":"2015-09-29T22:56:30","date_gmt":"2015-09-29T19:56:30","guid":{"rendered":"http:\/\/www.tucomarca.com\/wordpress\/segunda\/?p=40272"},"modified":"2015-09-29T22:56:30","modified_gmt":"2015-09-29T19:56:30","slug":"video-sesion-plenaria-del-ayuntamiento-de-bunol-del-lunes-28-de-septiembre-de-2015","status":"publish","type":"post","link":"https:\/\/www.tucomarca.com\/wordpress\/segunda\/video-sesion-plenaria-del-ayuntamiento-de-bunol-del-lunes-28-de-septiembre-de-2015\/","title":{"rendered":"V\u00eddeo: sesi\u00f3n plenaria del Ayuntamiento de Bu\u00f1ol del lunes 28 de septiembre de 2015"},"content":{"rendered":"<p>Para quien no haya podido seguirlo en directo a trav\u00e9s de tucomarca televisi\u00f3n, aqu\u00ed os dejamos el v\u00eddeo de la sesi\u00f3n plenaria ordinaria del Ayuntamiento de Bu\u00f1ol de este lunes, 28 de septiembre, de 2015.<\/p>\n","protected":false},"excerpt":{"rendered":"<div class=\"mh-excerpt\">Para quien no haya podido seguirlo en directo a trav\u00e9s de tucomarca televisi\u00f3n, aqu\u00ed os dejamos el v\u00eddeo de la sesi\u00f3n plenaria ordinaria del Ayuntamiento de Bu\u00f1ol de este lunes, 28 de septiembre, de 2015.<\/div>\n","protected":false},"author":1,"featured_media":0,"comment_status":"open","ping_status":"open","sticky":false,"template":"","format":"standard","meta":{"footnotes":""},"categories":[18,8,10,142,3,26],"tags":[],"class_list":{"0":"post-40272","1":"post","2":"type-post","3":"status-publish","4":"format-standard","6":"category-bunol","7":"category-la-comarca","8":"category-la-hoya","9":"category-politica-la-comarca","10":"category-seccion","11":"category-video"},"_links":{"self":[{"href":"https:\/\/www.tucomarca.com\/wordpress\/segunda\/wp-json\/wp\/v2\/posts\/40272","targetHints":{"allow":["GET"]}}],"collection":[{"href":"https:\/\/www.tucomarca.com\/wordpress\/segunda\/wp-json\/wp\/v2\/posts"}],"about":[{"href":"https:\/\/www.tucomarca.com\/wordpress\/segunda\/wp-json\/wp\/v2\/types\/post"}],"author":[{"embeddable":true,"href":"https:\/\/www.tucomarca.com\/wordpress\/segunda\/wp-json\/wp\/v2\/users\/1"}],"replies":[{"embeddable":true,"href":"https:\/\/www.tucomarca.com\/wordpress\/segunda\/wp-json\/wp\/v2\/comments?post=40272"}],"version-history":[{"count":0,"href":"https:\/\/www.tucomarca.com\/wordpress\/segunda\/wp-json\/wp\/v2\/posts\/40272\/revisions"}],"wp:attachment":[{"href":"https:\/\/www.tucomarca.com\/wordpress\/segunda\/wp-json\/wp\/v2\/media?parent=40272"}],"wp:term":[{"taxonomy":"category","embeddable":true,"href":"https:\/\/www.tucomarca.com\/wordpress\/segunda\/wp-json\/wp\/v2\/categories?post=40272"},{"taxonomy":"post_tag","embeddable":true,"href":"https:\/\/www.tucomarca.com\/wordpress\/segunda\/wp-json\/wp\/v2\/tags?post=40272"}],"curies":[{"name":"wp","href":"https:\/\/api.w.org\/{rel}","templated":true}]}}