{"id":40278,"date":"2015-09-30T19:30:16","date_gmt":"2015-09-30T16:30:16","guid":{"rendered":"http:\/\/www.tucomarca.com\/wordpress\/segunda\/?p=40278"},"modified":"2015-09-30T23:04:04","modified_gmt":"2015-09-30T20:04:04","slug":"rafa-perez-los-mas-de-350-000-euros-del-plan-de-inversiones-sostenibles-serviran-para-mejorar-vias-publicas-saneamiento-parques-y-jardines","status":"publish","type":"post","link":"https:\/\/www.tucomarca.com\/wordpress\/segunda\/rafa-perez-los-mas-de-350-000-euros-del-plan-de-inversiones-sostenibles-serviran-para-mejorar-vias-publicas-saneamiento-parques-y-jardines\/","title":{"rendered":"Rafa P\u00e9rez: &#8216;Los m\u00e1s de 350.000 \u20ac del Plan de Inversiones Sostenibles servir\u00e1n para mejorar v\u00edas p\u00fablicas, saneamiento, parques y jardines&#8217;"},"content":{"rendered":"<figure id=\"attachment_40279\" aria-describedby=\"caption-attachment-40279\" style=\"width: 300px\" class=\"wp-caption alignleft\"><a rel=\"attachment wp-att-40279\" href=\"https:\/\/www.tucomarca.com\/wordpress\/segunda\/2015\/09\/rafa-perez-los-mas-de-350-000-euros-del-plan-de-inversiones-sostenibles-serviran-para-mejorar-vias-publicas-saneamiento-parques-y-jardines\/rodriguez-y-perez\/\"><img loading=\"lazy\" decoding=\"async\" class=\"size-medium wp-image-40279\" title=\"Rodriguez y perez\" src=\"https:\/\/www.tucomarca.com\/wordpress\/segunda\/wp-content\/uploads\/2015\/09\/Rodriguez-y-perez-300x225.jpg\" alt=\"\" width=\"300\" height=\"225\" srcset=\"https:\/\/www.tucomarca.com\/wordpress\/segunda\/wp-content\/uploads\/2015\/09\/Rodriguez-y-perez-300x225.jpg 300w, https:\/\/www.tucomarca.com\/wordpress\/segunda\/wp-content\/uploads\/2015\/09\/Rodriguez-y-perez-1024x768.jpg 1024w, https:\/\/www.tucomarca.com\/wordpress\/segunda\/wp-content\/uploads\/2015\/09\/Rodriguez-y-perez.jpg 1280w\" sizes=\"auto, (max-width: 300px) 100vw, 300px\" \/><\/a><figcaption id=\"caption-attachment-40279\" class=\"wp-caption-text\">Rodr\u00edguez (izda) junto al alcalde de Bu\u00f1ol, Rafa P\u00e9rez. tc.c<\/figcaption><\/figure>\n<p>El presidente de la Diputaci\u00f3n de Valencia, Jorge Rodr\u00edguez; la Vicepresidenta, Maria Josep Amig\u00f3;  y el diputado de Cooperaci\u00f3n Municipal, Emili Altur, han presentado esta ma\u00f1ana en el Molino Gal\u00e1n el Plan de Inversiones Sostenibles y su ejecuci\u00f3n en la comarca de La Hoya de Bu\u00f1ol-Chiva. Durante el acto, alcaldes de la comarca y equipo de gobierno estuvieron presentes para transmitir sus inquietudes y necesidades a la Diputaci\u00f3n. El alcalde de Bu\u00f1ol, Rafael P\u00e9rez, acompa\u00f1\u00f3 al presidente y la vicepresidenta en la firma del libro de honor. Una jornada que acab\u00f3 con la visita de los l\u00edderes de la corporaci\u00f3n a la sede municipal del PSOE.<br \/>\nA lo largo de la reuni\u00f3n, donde Rafael P\u00e9rez, alcalde de la localidad, present\u00f3 a cada uno de los alcaldes de la comarca presentes, se mantuvo un di\u00e1logo fluido entre todos los representantes pol\u00edticos. \u201cNosotros somos tambi\u00e9n alcaldes y concejales de nuestros pueblos, y por eso queremos transmitir la llegada de la transparencia, el fin del clientelismo, y la corrupci\u00f3n, para facilitar una Diputaci\u00f3n que est\u00e9 codo con codo con los ayuntamientos, independientemente del color pol\u00edtico, porque los vecinos son lo primero\u201d, ha se\u00f1alado Amig\u00f3 durante la reuni\u00f3n con los l\u00edderes pol\u00edticos de la comarca.<br \/>\nEmili Altur desgran\u00f3 este plan por comarcas, recordando que 1,5 millones de euros se destinar\u00e1n en la Hoya, de los cuales 352.879,80 euros ir\u00e1n a Bu\u00f1ol. Al respecto Rafael P\u00e9rez, primer edil bu\u00f1olense, destac\u00f3 que la inversi\u00f3n ir\u00e1 destinada a reparar la calzada en Condes de Bu\u00f1ol, reformar los viejos vestuarios y la pista del polideportivo de la piscina municipal, as\u00ed como renovar la Plaza 5 de marzo, entre otras.<br \/>\nEn esta reuni\u00f3n se han dado cita los alcaldes de Cheste, Chiva, Siete Aguas, Macastre, Alborache, Godelleta y Dos Aguas, adem\u00e1s de miembros del equipo de gobierno municipal. Todos ellos han coincidido en los problemas que cada municipio ten\u00eda, y que se hicieron extensibles a la comarca, como el problema de carreteras, suministro de agua, plan de caminos rurales, paro juvenil y necesidades sociales urgentes.<br \/>\nP\u00e9rez ha mostrado su satisfacci\u00f3n por este encuentro, \u201cporque demuestra cercan\u00eda con los ayuntamientos y los vecinos, algo perdido en los \u00faltimos a\u00f1os\u201d. Adem\u00e1s, esta reuni\u00f3n, ha transmitido Jorge Rodr\u00edguez, \u201cforma parte de una ronda de encuentros con todas las comarcas, y que continuar\u00e1 en el tiempo\u201d. El presidente de la corporaci\u00f3n provincial ha agradecido la especial acogida de los miembros del equipo de gobierno y su alcalde, y ha resaltado la belleza del territorio bu\u00f1olense y de toda la comarca.<br \/>\nDurante su intervenci\u00f3n, P\u00e9rez rese\u00f1\u00f3 el alto precio que los vecinos deben pagar por el impuesto de basura y reciclaje, adem\u00e1s de solicitar ayuda en el insuficiente n\u00famero de agentes de Polic\u00eda Local en la comarca, y en la falta de ambulancia en horario nocturno. El alcalde de Bu\u00f1ol tampoco ha querido olvidar los temas culturales, educativos y de necesidades sociales para desfavorecidos, desempleados y j\u00f3venes sin recursos. Tambi\u00e9n ha recordado la declaraci\u00f3n conjunta que en el d\u00eda de ayer firmaron los alcaldes implicados por la llegada urgente de la C-3 hasta la Estaci\u00f3n del Norte de Valencia.<br \/>\nTambi\u00e9n el concejal bu\u00f1olense Alejandro Agustina transmiti\u00f3 la urgencia de financiaci\u00f3n en el turismo de la comarca, y una mayor inversi\u00f3n en planes que animen y ayuden a los j\u00f3venes a emprender sus propios proyectos empresariales.<br \/>\nEl diputado Altur record\u00f3 la rapidez con la que se ha puesto en marcha este plan, as\u00ed como la redacci\u00f3n y ejecuci\u00f3n de los proyectos en cada Ayuntamiento. Mientras que Amig\u00f3 y Rodr\u00edguez incidieron en recordar los criterios de transparencia y objetividad en la nueva etapa que acaba de abrir la Diputaci\u00f3n.<br \/>\nTras la reuni\u00f3n formal y posterior rueda de prensa a los medios, presidente, vicepresidente y diputado visitaron la sede municipal del PSOE.<\/p>\n<p>&nbsp;<\/p>\n","protected":false},"excerpt":{"rendered":"<div class=\"mh-excerpt\">El presidente de la Diputaci\u00f3n de Valencia, Jorge Rodr\u00edguez; la Vicepresidenta, Maria Josep Amig\u00f3; y el diputado de Cooperaci\u00f3n Municipal, Emili Altur, han presentado esta ma\u00f1ana en el Molino Gal\u00e1n el Plan de Inversiones Sostenibles <a class=\"mh-excerpt-more\" href=\"https:\/\/www.tucomarca.com\/wordpress\/segunda\/rafa-perez-los-mas-de-350-000-euros-del-plan-de-inversiones-sostenibles-serviran-para-mejorar-vias-publicas-saneamiento-parques-y-jardines\/\" title=\"Rafa P\u00e9rez: &#8216;Los m\u00e1s de 350.000 \u20ac del Plan de Inversiones Sostenibles servir\u00e1n para mejorar v\u00edas p\u00fablicas, saneamiento, parques y jardines&#8217;\">[+] <\/a><\/div>\n","protected":false},"author":2,"featured_media":40279,"comment_status":"open","ping_status":"open","sticky":false,"template":"","format":"standard","meta":{"footnotes":""},"categories":[18,8,10,142,3],"tags":[10385,204,2126,2716],"class_list":{"0":"post-40278","1":"post","2":"type-post","3":"status-publish","4":"format-standard","5":"has-post-thumbnail","7":"category-bunol","8":"category-la-comarca","9":"category-la-hoya","10":"category-politica-la-comarca","11":"category-seccion","12":"tag-bunol","13":"tag-diputacion","14":"tag-inversiones","15":"tag-rafa-perez"},"_links":{"self":[{"href":"https:\/\/www.tucomarca.com\/wordpress\/segunda\/wp-json\/wp\/v2\/posts\/40278","targetHints":{"allow":["GET"]}}],"collection":[{"href":"https:\/\/www.tucomarca.com\/wordpress\/segunda\/wp-json\/wp\/v2\/posts"}],"about":[{"href":"https:\/\/www.tucomarca.com\/wordpress\/segunda\/wp-json\/wp\/v2\/types\/post"}],"author":[{"embeddable":true,"href":"https:\/\/www.tucomarca.com\/wordpress\/segunda\/wp-json\/wp\/v2\/users\/2"}],"replies":[{"embeddable":true,"href":"https:\/\/www.tucomarca.com\/wordpress\/segunda\/wp-json\/wp\/v2\/comments?post=40278"}],"version-history":[{"count":0,"href":"https:\/\/www.tucomarca.com\/wordpress\/segunda\/wp-json\/wp\/v2\/posts\/40278\/revisions"}],"wp:featuredmedia":[{"embeddable":true,"href":"https:\/\/www.tucomarca.com\/wordpress\/segunda\/wp-json\/wp\/v2\/media\/40279"}],"wp:attachment":[{"href":"https:\/\/www.tucomarca.com\/wordpress\/segunda\/wp-json\/wp\/v2\/media?parent=40278"}],"wp:term":[{"taxonomy":"category","embeddable":true,"href":"https:\/\/www.tucomarca.com\/wordpress\/segunda\/wp-json\/wp\/v2\/categories?post=40278"},{"taxonomy":"post_tag","embeddable":true,"href":"https:\/\/www.tucomarca.com\/wordpress\/segunda\/wp-json\/wp\/v2\/tags?post=40278"}],"curies":[{"name":"wp","href":"https:\/\/api.w.org\/{rel}","templated":true}]}}