{"id":40282,"date":"2015-09-30T19:37:17","date_gmt":"2015-09-30T16:37:17","guid":{"rendered":"http:\/\/www.tucomarca.com\/wordpress\/segunda\/?p=40282"},"modified":"2015-09-30T19:37:22","modified_gmt":"2015-09-30T16:37:22","slug":"los-municipios-presentan-1-475-proyectos-para-financiarlos-con-el-plan-de-inversiones-de-la-nueva-diputacion","status":"publish","type":"post","link":"https:\/\/www.tucomarca.com\/wordpress\/segunda\/los-municipios-presentan-1-475-proyectos-para-financiarlos-con-el-plan-de-inversiones-de-la-nueva-diputacion\/","title":{"rendered":"Los municipios presentan 1.475 proyectos para financiarlos con el Plan de Inversiones de la nueva Diputaci\u00f3n"},"content":{"rendered":"<p><figure id=\"attachment_40283\" aria-describedby=\"caption-attachment-40283\" style=\"width: 300px\" class=\"wp-caption alignleft\"><a href=\"https:\/\/www.tucomarca.com\/wordpress\/segunda\/2015\/09\/los-municipios-presentan-1-475-proyectos-para-financiarlos-con-el-plan-de-inversiones-de-la-nueva-diputacion\/reunion-alcadles-de-la-comarca-en-bunol-foto_abulaila-4\/\" rel=\"attachment wp-att-40283\"><img loading=\"lazy\" decoding=\"async\" src=\"https:\/\/www.tucomarca.com\/wordpress\/segunda\/wp-content\/uploads\/2015\/09\/Reunion-alcadles-de-la-comarca-en-Bu\u00f1ol-foto_Abulaila-4-e1443631018782-300x163.jpg\" alt=\"\" title=\"Reunion alcadles de la comarca en Bu\u00f1ol foto_Abulaila (4)\" width=\"300\" height=\"163\" class=\"size-medium wp-image-40283\" srcset=\"https:\/\/www.tucomarca.com\/wordpress\/segunda\/wp-content\/uploads\/2015\/09\/Reunion-alcadles-de-la-comarca-en-Bu\u00f1ol-foto_Abulaila-4-e1443631018782-300x163.jpg 300w, https:\/\/www.tucomarca.com\/wordpress\/segunda\/wp-content\/uploads\/2015\/09\/Reunion-alcadles-de-la-comarca-en-Bu\u00f1ol-foto_Abulaila-4-e1443631018782-1024x558.jpg 1024w\" sizes=\"auto, (max-width: 300px) 100vw, 300px\" \/><\/a><figcaption id=\"caption-attachment-40283\" class=\"wp-caption-text\">El presidente ha presentado el Plan en Bu\u00f1ol tras reunirse con los alcaldes de La Hoya. tc.c<\/figcaption><\/figure>El Plan de Inversiones financieramente Sostenibles 2015 que ha puesto en marcha la nueva Diputaci\u00f3n de Valencia es ya un \u00e9xito al haber participado todos los ayuntamientos valencianos que han solicitado un total de 1.475 actuaciones con los fondos de 70,6 millones que se han dispuesto teniendo en cuenta el criterio poblacional y un factor correctivo para los pueblos peque\u00f1os, seg\u00fan han informado esta ma\u00f1ana en Bu\u00f1ol el presidente de la corporaci\u00f3n, Jorge Rodr\u00edguez, la vicepresidente Mar\u00eda Josep Amig\u00f3 y el diputado responsable de Cooperaci\u00f3n, Emili Altur.<\/p>\n<p>Jorge Rodr\u00edguez: \u201cNo nos hemos equivocado\u201d<\/p>\n<p>El presidente de la nueva Diputaci\u00f3n fij\u00f3 la atenci\u00f3n en el hecho de que han sido todos los ayuntamientos de Valencia los que se han acogido a este plan, \u201csencillamente, porque gracias a esta nueva filosof\u00eda, los alcaldes han podido dirigir los fondos a sus necesidades\u201d.<\/p>\n<p>As\u00ed mismo explic\u00f3 que el plan, al contrario que los anteriores, no encorsetaba sus fines, que est\u00e1n solamente limitados por lo que marca la norma reguladora.<\/p>\n<p>\u201cCuando llegamos a la Diputaci\u00f3n nos dimos cuenta de que est\u00e1bamos pasando hambre con la despensa llena. La situaci\u00f3n que nos encontramos fue que el remanente positivo o se iba a pagar directamente deuda, a los bancos, o nos d\u00e1bamos prisa y se destinaba para el bien de los pueblos. Y eso es lo que hemos hecho, atender a las personas y no a los bancos, y no nos hemos equivocado\u201d, ha dicho el presidente, qui\u00e9n ha apoyado esta afrimaci\u00f3n en el hecho de que han sido todos los ayuntamientos los que se han acogido a este plan y, adem\u00e1s \u201clo han entendido todos, incluso los peque\u00f1os, porque saben que, como ya hemos informado, en el pr\u00f3ximo presupuesto quienes ahora han recibido 50.000 euros recibir\u00e1n directamente 150.000\u201d.<\/p>\n<p>Amig\u00f3: \u201cSe acab\u00f3 el clientelismo\u201d<\/p>\n<p>Tras la exposici\u00f3n resumida de las peticiones municipales, la vicepresidenta Amig\u00f3 explic\u00f3 el hecho de que al haberse aplicado el criterio poblaciones se estaba dando una muestra clara de c\u00f3mo va a gestionar la nueva Diputaci\u00f3n. \u201cSe acab\u00f3 el clientelismo, el dar a dedo los planes y el que la financiaci\u00f3n se adjudicara dependiendo de si caes bien o mal. Estos fondos son p\u00fablicos y queremos que vayan directamente a mejorar el bienestar de los vecinos, por eso aplicamos criterios objetivos y los vamos a seguir haciendo. Sabemos que no va a ser f\u00e1cil porque han sido muchos a\u00f1os de clientelismo, pero en el pr\u00f3ximo presupuesto se ver\u00e1 bien reflejada nuestra forma de entender la gesti\u00f3n p\u00fablica y de saber responder a las aut\u00e9nticas necesidades de los pueblos\u201d.<\/p>\n<p>Altur: \u201cUn esfuerzo de todos\u201d<\/p>\n<p>El diputado Emili Altur ha valorado el esfuerzo realizado por los ayuntamientos y t\u00e9cnicos de la diputaci\u00f3n para llevar adelante y con bastante premura el desarrollo del programa y cumplir los plazos, as\u00ed mismo ha informado que la intenci\u00f3n es aprobar todas las solicitudes a no ser que en su formulaci\u00f3n haya problemas legales o impedimentos t\u00e9cnicos insuperables.<\/p>\n<p>Altur inform\u00f3 tambi\u00e9n de la novedad aplicada en este plan que consiste en poder agrupar en la misma solicitud el proyecto de obra y la direcci\u00f3n de obra. \u201cSe trata \u2013dijo- de un nuevo sistema m\u00e1s eficaz y legal reclamado siempre por los alcaldes que ahora estamos aplicando\u201d.<\/p>\n<p>Lo que los municipios prefieren<\/p>\n<p>Gracias a la f\u00f3rmula que se ha aplicado, los ayuntamientos han podido solicitar los proyectos que responden realmente a sus necesidades. De este modo, de las propias solicitudes se desprende que lo m\u00e1s solicitado por los alcaldes son proyectos relacionados con la gesti\u00f3n del patrimonio, aplicadas a la rehabilitaci\u00f3n y reparaci\u00f3n de infraestructuras e inmuebles propiedad de la entidad local, que dan servicio p\u00fablico, y que ascienden a m\u00e1s de 22,8 millones de euros, para un total de 487 actuaciones.<\/p>\n<p>Las siguiente \u00e1reas m\u00e1s demandas son las correspondientes a las V\u00edas p\u00fablicas (21,5 millones para 335 actuaciones), a Parques y jardines (7 para 157 proyectos), Saneamiento, abastecimiento y distribuci\u00f3n de aguas (6,9 millones para 139), Sociedad de la informaci\u00f3n (1,4 para 62 acciones), alumbrado p\u00fablico (2,5 para 62 ), Caminos vecinales (2,8 para 58 proyectos), Protecci\u00f3n del patrimonio hist\u00f3rico-art\u00edstico (1,2 millones para 40 intervenciones) Ordenaci\u00f3n del tr\u00e1fico y del estacionamiento (1,1 para 30) y a partir de ah\u00ed la siguientes \u00e1reas menos demandadas de Ordenaci\u00f3n y promoci\u00f3n tur\u00edstica, Protecci\u00f3n y mejora del medio ambiente, Energ\u00eda, Gesti\u00f3n del conocimiento, Recogida, eliminaci\u00f3n y tratamiento de residuos, recursos hidr\u00e1ulicos, Infraestructuras del transporte, Carreteras, Comercio, Mejora de las estructuras agropecuarias y de los sistemas productivos, Promoci\u00f3n y mantenimiento y desarrollo del transporte e Investigaci\u00f3n cient\u00edfica, t\u00e9cnica y aplicada.<\/p>\n","protected":false},"excerpt":{"rendered":"<div class=\"mh-excerpt\">El Plan de Inversiones financieramente Sostenibles 2015 que ha puesto en marcha la nueva Diputaci\u00f3n de Valencia es ya un \u00e9xito al haber participado todos los ayuntamientos valencianos que han solicitado un total de 1.475 <a class=\"mh-excerpt-more\" href=\"https:\/\/www.tucomarca.com\/wordpress\/segunda\/los-municipios-presentan-1-475-proyectos-para-financiarlos-con-el-plan-de-inversiones-de-la-nueva-diputacion\/\" title=\"Los municipios presentan 1.475 proyectos para financiarlos con el Plan de Inversiones de la nueva Diputaci\u00f3n\">[+] <\/a><\/div>\n","protected":false},"author":2,"featured_media":40283,"comment_status":"open","ping_status":"open","sticky":false,"template":"","format":"standard","meta":{"footnotes":""},"categories":[18,8,72,10,142,3,45],"tags":[8921,204,992,8922],"class_list":{"0":"post-40282","1":"post","2":"type-post","3":"status-publish","4":"format-standard","5":"has-post-thumbnail","7":"category-bunol","8":"category-la-comarca","9":"category-sin-categorizar","10":"category-la-hoya","11":"category-politica-la-comarca","12":"category-seccion","13":"category-ventana","14":"tag-1475-actuaciones","15":"tag-diputacion","16":"tag-municipios","17":"tag-plan-de-onversiones-soetenibles"},"_links":{"self":[{"href":"https:\/\/www.tucomarca.com\/wordpress\/segunda\/wp-json\/wp\/v2\/posts\/40282","targetHints":{"allow":["GET"]}}],"collection":[{"href":"https:\/\/www.tucomarca.com\/wordpress\/segunda\/wp-json\/wp\/v2\/posts"}],"about":[{"href":"https:\/\/www.tucomarca.com\/wordpress\/segunda\/wp-json\/wp\/v2\/types\/post"}],"author":[{"embeddable":true,"href":"https:\/\/www.tucomarca.com\/wordpress\/segunda\/wp-json\/wp\/v2\/users\/2"}],"replies":[{"embeddable":true,"href":"https:\/\/www.tucomarca.com\/wordpress\/segunda\/wp-json\/wp\/v2\/comments?post=40282"}],"version-history":[{"count":0,"href":"https:\/\/www.tucomarca.com\/wordpress\/segunda\/wp-json\/wp\/v2\/posts\/40282\/revisions"}],"wp:featuredmedia":[{"embeddable":true,"href":"https:\/\/www.tucomarca.com\/wordpress\/segunda\/wp-json\/wp\/v2\/media\/40283"}],"wp:attachment":[{"href":"https:\/\/www.tucomarca.com\/wordpress\/segunda\/wp-json\/wp\/v2\/media?parent=40282"}],"wp:term":[{"taxonomy":"category","embeddable":true,"href":"https:\/\/www.tucomarca.com\/wordpress\/segunda\/wp-json\/wp\/v2\/categories?post=40282"},{"taxonomy":"post_tag","embeddable":true,"href":"https:\/\/www.tucomarca.com\/wordpress\/segunda\/wp-json\/wp\/v2\/tags?post=40282"}],"curies":[{"name":"wp","href":"https:\/\/api.w.org\/{rel}","templated":true}]}}