{"id":4046,"date":"2012-06-26T18:15:04","date_gmt":"2012-06-26T16:15:04","guid":{"rendered":"http:\/\/www.tucomarca.com\/wordpress\/segunda\/?p=4046"},"modified":"2012-06-26T18:15:04","modified_gmt":"2012-06-26T16:15:04","slug":"la-banda-sinfonica-de-la-sm-%c2%abla-artistica%c2%bb-de-chiva-abre-el-ciclo-de-conciertos-de-verano-en-la-localidad","status":"publish","type":"post","link":"https:\/\/www.tucomarca.com\/wordpress\/segunda\/la-banda-sinfonica-de-la-sm-%c2%abla-artistica%c2%bb-de-chiva-abre-el-ciclo-de-conciertos-de-verano-en-la-localidad\/","title":{"rendered":"La banda sinf\u00f3nica de la SM \u00abLa Art\u00edstica\u00bb de Chiva abre el ciclo de conciertos de verano en la localidad"},"content":{"rendered":"<p style=\"text-align: left;\">&nbsp;<\/p>\n<figure id=\"attachment_4098\" aria-describedby=\"caption-attachment-4098\" style=\"width: 614px\" class=\"wp-caption aligncenter\"><a href=\"https:\/\/www.tucomarca.com\/wordpress\/segunda\/wp-content\/uploads\/2012\/06\/artisticachiva.jpg\"><img loading=\"lazy\" decoding=\"async\" class=\"size-large wp-image-4098 \" title=\"OLYMPUS DIGITAL CAMERA\" src=\"https:\/\/www.tucomarca.com\/wordpress\/segunda\/wp-content\/uploads\/2012\/06\/artisticachiva-1024x514.jpg\" alt=\"Concierto ofrecido por \u00abLa Art\u00edstica\u00bb en Chiva. Foto: Ainoa Garc\u00eda-Pascual.\" width=\"614\" height=\"308\" srcset=\"https:\/\/www.tucomarca.com\/wordpress\/segunda\/wp-content\/uploads\/2012\/06\/artisticachiva-1024x514.jpg 1024w, https:\/\/www.tucomarca.com\/wordpress\/segunda\/wp-content\/uploads\/2012\/06\/artisticachiva-300x150.jpg 300w, https:\/\/www.tucomarca.com\/wordpress\/segunda\/wp-content\/uploads\/2012\/06\/artisticachiva.jpg 1181w\" sizes=\"auto, (max-width: 614px) 100vw, 614px\" \/><\/a><figcaption id=\"caption-attachment-4098\" class=\"wp-caption-text\">Concierto ofrecido por \u00abLa Art\u00edstica\u00bb en Chiva. Foto: Ainoa Garc\u00eda-Pascual.<\/figcaption><\/figure>\n<p style=\"text-align: left;\">El ciclo de conciertos de verano en Chiva daba comienzo el pasado d\u00eda de San Juan. La encargada de abrir los conciertos fue la banda sinf\u00f3nica de la Sociedad Musical \u00abLa Art\u00edstica\u00bb en la Plaza de las Artes. Un ciclo de siete conciertos que har\u00e1n que lugares emblem\u00e1ticos del pueblo como la Casa de la Cultura, el Lavadero o La Torreta se conviertan en espacios culturales dedicados la m\u00fasica.<\/p>\n<p style=\"text-align: left;\">M\u00e1s informaci\u00f3n e im\u00e1genes, en la edici\u00f3n impresa de esta semana de <strong>tucomarca.com<\/strong> (n\u00ba 455) para La Hoya de Bu\u00f1ol-Chiva y comarcas lim\u00edtrofes.<\/p>\n<p style=\"text-align: left;\">Informa, <strong>Ainoa Garc\u00eda-Pascual<\/strong>.<\/p>\n","protected":false},"excerpt":{"rendered":"<div class=\"mh-excerpt\">&nbsp; El ciclo de conciertos de verano en Chiva daba comienzo el pasado d\u00eda de San Juan. La encargada de abrir los conciertos fue la banda sinf\u00f3nica de la Sociedad Musical \u00abLa Art\u00edstica\u00bb en la <a class=\"mh-excerpt-more\" href=\"https:\/\/www.tucomarca.com\/wordpress\/segunda\/la-banda-sinfonica-de-la-sm-%c2%abla-artistica%c2%bb-de-chiva-abre-el-ciclo-de-conciertos-de-verano-en-la-localidad\/\" title=\"La banda sinf\u00f3nica de la SM \u00abLa Art\u00edstica\u00bb de Chiva abre el ciclo de conciertos de verano en la localidad\">[+] <\/a><\/div>\n","protected":false},"author":1,"featured_media":4098,"comment_status":"open","ping_status":"open","sticky":false,"template":"","format":"standard","meta":{"footnotes":""},"categories":[66,16,10,7,3,45],"tags":[],"class_list":{"0":"post-4046","1":"post","2":"type-post","3":"status-publish","4":"format-standard","5":"has-post-thumbnail","7":"category-musica","8":"category-chiva","9":"category-la-hoya","10":"category-ocio-y-cultura","11":"category-seccion","12":"category-ventana"},"_links":{"self":[{"href":"https:\/\/www.tucomarca.com\/wordpress\/segunda\/wp-json\/wp\/v2\/posts\/4046","targetHints":{"allow":["GET"]}}],"collection":[{"href":"https:\/\/www.tucomarca.com\/wordpress\/segunda\/wp-json\/wp\/v2\/posts"}],"about":[{"href":"https:\/\/www.tucomarca.com\/wordpress\/segunda\/wp-json\/wp\/v2\/types\/post"}],"author":[{"embeddable":true,"href":"https:\/\/www.tucomarca.com\/wordpress\/segunda\/wp-json\/wp\/v2\/users\/1"}],"replies":[{"embeddable":true,"href":"https:\/\/www.tucomarca.com\/wordpress\/segunda\/wp-json\/wp\/v2\/comments?post=4046"}],"version-history":[{"count":0,"href":"https:\/\/www.tucomarca.com\/wordpress\/segunda\/wp-json\/wp\/v2\/posts\/4046\/revisions"}],"wp:featuredmedia":[{"embeddable":true,"href":"https:\/\/www.tucomarca.com\/wordpress\/segunda\/wp-json\/wp\/v2\/media\/4098"}],"wp:attachment":[{"href":"https:\/\/www.tucomarca.com\/wordpress\/segunda\/wp-json\/wp\/v2\/media?parent=4046"}],"wp:term":[{"taxonomy":"category","embeddable":true,"href":"https:\/\/www.tucomarca.com\/wordpress\/segunda\/wp-json\/wp\/v2\/categories?post=4046"},{"taxonomy":"post_tag","embeddable":true,"href":"https:\/\/www.tucomarca.com\/wordpress\/segunda\/wp-json\/wp\/v2\/tags?post=4046"}],"curies":[{"name":"wp","href":"https:\/\/api.w.org\/{rel}","templated":true}]}}