{"id":4049,"date":"2012-06-25T11:21:07","date_gmt":"2012-06-25T09:21:07","guid":{"rendered":"http:\/\/www.tucomarca.com\/wordpress\/segunda\/?p=4049"},"modified":"2012-06-25T11:21:07","modified_gmt":"2012-06-25T09:21:07","slug":"el-presidente-de-la-diputacion-visita-las-obras-de-mejora-de-la-carretera-de-utiel-a-las-nogueras","status":"publish","type":"post","link":"https:\/\/www.tucomarca.com\/wordpress\/segunda\/el-presidente-de-la-diputacion-visita-las-obras-de-mejora-de-la-carretera-de-utiel-a-las-nogueras\/","title":{"rendered":"El presidente de la Diputaci\u00f3n visita las obras de mejora de la carretera de Utiel a Las Nogueras"},"content":{"rendered":"<figure id=\"attachment_4050\" aria-describedby=\"caption-attachment-4050\" style=\"width: 300px\" class=\"wp-caption alignleft\"><a href=\"https:\/\/www.tucomarca.com\/wordpress\/segunda\/wp-content\/uploads\/2012\/06\/RusUtiel.jpg\"><img loading=\"lazy\" decoding=\"async\" class=\"size-medium wp-image-4050\" title=\"RusUtiel\" src=\"https:\/\/www.tucomarca.com\/wordpress\/segunda\/wp-content\/uploads\/2012\/06\/RusUtiel-300x200.jpg\" alt=\"Alfonso Rus realiz\u00f3 un recorrido por las aldeas beneficiarias de esta actuaci\u00f3n.\" width=\"300\" height=\"200\" srcset=\"https:\/\/www.tucomarca.com\/wordpress\/segunda\/wp-content\/uploads\/2012\/06\/RusUtiel-300x200.jpg 300w, https:\/\/www.tucomarca.com\/wordpress\/segunda\/wp-content\/uploads\/2012\/06\/RusUtiel-1024x682.jpg 1024w, https:\/\/www.tucomarca.com\/wordpress\/segunda\/wp-content\/uploads\/2012\/06\/RusUtiel.jpg 1500w\" sizes=\"auto, (max-width: 300px) 100vw, 300px\" \/><\/a><figcaption id=\"caption-attachment-4050\" class=\"wp-caption-text\">Alfonso Rus realiz\u00f3 un recorrido por las aldeas beneficiarias de esta actuaci\u00f3n.<\/figcaption><\/figure>\n<p>El presidente de la Diputaci\u00f3n de Valencia. Alfonso Rus, ha visitado este fin de semana la nueva carretera CV-392, que mejora la comunicaci\u00f3n y movilidad entre las pedan\u00edas de Utiel. Tras recorrer el trayecto que une Utiel con la aldea de Estenas, Rus ha mantenido una reuni\u00f3n con el alcalde de Utiel, Luis Ram\u00edrez; de Requena, Javier Berasaluce; y con los alcaldes ped\u00e1neos de Estenas y Las Nogueras, Enrique Jim\u00e9nez y Rafael C\u00e1rcer.<\/p>\n<p>Durante la visita, ha estado presente el diputado provincial de Carreteras, Isidro Prieto, as\u00ed como otros diputados de la corporaci\u00f3n provincial.<\/p>\n<p><strong>Grandes mejoras para facilitar la movilidad entre aldeas<\/strong><\/p>\n<p>Con la finalizaci\u00f3n de las obras de la Diputaci\u00f3n de Valencia, la calzada de la CV-392 dispone de dos carriles de 3 metros de anchura constituyendo una anchura total de 6 metros. Las obras han comprendido tanto el refuerzo de firme existente para dotarlo de mejores caracter\u00edsticas estructurales y superficiales, como la ampliaci\u00f3n de la plataforma para conseguir una secci\u00f3n trasversal con unas caracter\u00edsticas homog\u00e9neas en toda la carretera.<\/p>\n<p>Asimismo, se ha repuesto la se\u00f1alizaci\u00f3n horizontal de todos los tramos de actuaci\u00f3n con pintura reflexiva blanca acr\u00edlica, as\u00ed como la se\u00f1alizaci\u00f3n vertical que se encontraba en mal estado y las se\u00f1ales que faltaban, tal como han informado fuentes de Diputaci\u00f3n.<\/p>\n<p><strong>Un plan para mejorar carreteras de bajo tr\u00e1nsito<\/strong><\/p>\n<p>Seg\u00fan las mismas fuentes, la Diputaci\u00f3n de Valencia est\u00e1 llevando a cabo un ambicioso plan de mejoras de la red de carreteras de baja intensidad de tr\u00e1fico, en las zonas m\u00e1s deprimidas de las comarcas de los Serranos, Requena-Utiel y el Valle de Ayora.<\/p>\n<p>El principal objetivo de las actuaciones es la mejora de las condiciones de vida de sus ciudadanos, introduciendo la potencialidad en el desarrollo que supone la mejora de las infraestructuras de comunicaci\u00f3n en el \u00e1mbito territorial.<br \/>\nEl presente proyecto tiene por objeto ejecutar el refuerzo de firme y ampliaci\u00f3n de plataforma en varias carreteras de la Diputaci\u00f3n de Valencia, en particular: CV-392 de Utiel a Las Nogueras, en el t\u00e9rmino municipal de Utiel. CV-432 Acceso a Fuen Vich, en el t\u00e9rmino municipal de Requena. CV-471 Traves\u00eda de la Loberuela en el t\u00e9rmino municipal de Camporrobles.<br \/>\nLas carreteras objeto de mejora constan de una calzada de ancho variable entre 4,5 y 5,0 metros, ausencia de un sistema de drenaje adecuado y firmes degradados e insuficientes.<\/p>\n","protected":false},"excerpt":{"rendered":"<div class=\"mh-excerpt\">El presidente de la Diputaci\u00f3n de Valencia. Alfonso Rus, ha visitado este fin de semana la nueva carretera CV-392, que mejora la comunicaci\u00f3n y movilidad entre las pedan\u00edas de Utiel. Tras recorrer el trayecto que <a class=\"mh-excerpt-more\" href=\"https:\/\/www.tucomarca.com\/wordpress\/segunda\/el-presidente-de-la-diputacion-visita-las-obras-de-mejora-de-la-carretera-de-utiel-a-las-nogueras\/\" title=\"El presidente de la Diputaci\u00f3n visita las obras de mejora de la carretera de Utiel a Las Nogueras\">[+] <\/a><\/div>\n","protected":false},"author":1,"featured_media":4050,"comment_status":"open","ping_status":"open","sticky":false,"template":"","format":"standard","meta":{"footnotes":""},"categories":[128,8,28,27,3,29,45],"tags":[],"class_list":{"0":"post-4049","1":"post","2":"type-post","3":"status-publish","4":"format-standard","5":"has-post-thumbnail","7":"category-infraestructuras","8":"category-la-comarca","9":"category-requena","10":"category-requena-utiel","11":"category-seccion","12":"category-utiel","13":"category-ventana"},"_links":{"self":[{"href":"https:\/\/www.tucomarca.com\/wordpress\/segunda\/wp-json\/wp\/v2\/posts\/4049","targetHints":{"allow":["GET"]}}],"collection":[{"href":"https:\/\/www.tucomarca.com\/wordpress\/segunda\/wp-json\/wp\/v2\/posts"}],"about":[{"href":"https:\/\/www.tucomarca.com\/wordpress\/segunda\/wp-json\/wp\/v2\/types\/post"}],"author":[{"embeddable":true,"href":"https:\/\/www.tucomarca.com\/wordpress\/segunda\/wp-json\/wp\/v2\/users\/1"}],"replies":[{"embeddable":true,"href":"https:\/\/www.tucomarca.com\/wordpress\/segunda\/wp-json\/wp\/v2\/comments?post=4049"}],"version-history":[{"count":0,"href":"https:\/\/www.tucomarca.com\/wordpress\/segunda\/wp-json\/wp\/v2\/posts\/4049\/revisions"}],"wp:featuredmedia":[{"embeddable":true,"href":"https:\/\/www.tucomarca.com\/wordpress\/segunda\/wp-json\/wp\/v2\/media\/4050"}],"wp:attachment":[{"href":"https:\/\/www.tucomarca.com\/wordpress\/segunda\/wp-json\/wp\/v2\/media?parent=4049"}],"wp:term":[{"taxonomy":"category","embeddable":true,"href":"https:\/\/www.tucomarca.com\/wordpress\/segunda\/wp-json\/wp\/v2\/categories?post=4049"},{"taxonomy":"post_tag","embeddable":true,"href":"https:\/\/www.tucomarca.com\/wordpress\/segunda\/wp-json\/wp\/v2\/tags?post=4049"}],"curies":[{"name":"wp","href":"https:\/\/api.w.org\/{rel}","templated":true}]}}