{"id":40535,"date":"2015-10-06T19:49:15","date_gmt":"2015-10-06T16:49:15","guid":{"rendered":"http:\/\/www.tucomarca.com\/wordpress\/segunda\/?p=40535"},"modified":"2015-10-06T19:49:20","modified_gmt":"2015-10-06T16:49:20","slug":"perez-garijo-explica-a-alcaldes-de-la-ribera-y-safor-la-politica-de-inclusion-social-de-la-nueva-diputacion","status":"publish","type":"post","link":"https:\/\/www.tucomarca.com\/wordpress\/segunda\/perez-garijo-explica-a-alcaldes-de-la-ribera-y-safor-la-politica-de-inclusion-social-de-la-nueva-diputacion\/","title":{"rendered":"P\u00e9rez Garijo explica a alcaldes de la Ribera y Safor la pol\u00edtica de inclusi\u00f3n social de la nueva Diputaci\u00f3n"},"content":{"rendered":"<p><a href=\"https:\/\/www.tucomarca.com\/wordpress\/segunda\/2015\/10\/perez-garijo-explica-a-alcaldes-de-la-ribera-y-safor-la-politica-de-inclusion-social-de-la-nueva-diputacion\/sony-dsc-94\/\" rel=\"attachment wp-att-40536\"><img loading=\"lazy\" decoding=\"async\" src=\"https:\/\/www.tucomarca.com\/wordpress\/segunda\/wp-content\/uploads\/2015\/10\/DSC05713-e1444150122205-300x153.jpg\" alt=\"\" title=\"SONY DSC\" width=\"300\" height=\"153\" class=\"alignleft size-medium wp-image-40536\" srcset=\"https:\/\/www.tucomarca.com\/wordpress\/segunda\/wp-content\/uploads\/2015\/10\/DSC05713-e1444150122205-300x153.jpg 300w, https:\/\/www.tucomarca.com\/wordpress\/segunda\/wp-content\/uploads\/2015\/10\/DSC05713-e1444150122205-1024x522.jpg 1024w\" sizes=\"auto, (max-width: 300px) 100vw, 300px\" \/><\/a>La diputada de inclusi\u00f3n Social,  Rosa P\u00e9rez Garijo, se ha reunido con los alcaldes \u00d3scar Navarro, de Poliny\u00e0 del X\u00faquer, Felipe Hernandis, de Albalat de la Ribera, Judith Catellino, de Riola, y V\u00edctor Mansanet, de Simat de la Valldigna, para tener en cuenta la situaci\u00f3n de sus pueblos en previsi\u00f3n a los presupuestos de 2016.<\/p>\n<p>P\u00e9rez Garijo les ha informado en esta toma de contacto de cu\u00e1l es el objetivo del \u00c1rea que encabeza en la nueva Diputaci\u00f3n y que recoge las demandas de los alcaldes como es la falta de personas en servicios sociales o los bancos de alimentos que no est\u00e1n subvencionados.<\/p>\n<p>La diputada de inclusi\u00f3n social ha dicho que las demandas de los alcaldes en esta materia ya vienen de hace tiempo, ya que muchos de ellos eran alcaldes hace a\u00f1os, y se van a tener en cuenta para hacer los presupuestos del pr\u00f3ximo a\u00f1o para que la inclusi\u00f3n social sea un hecho factible.<\/p>\n","protected":false},"excerpt":{"rendered":"<div class=\"mh-excerpt\">La diputada de inclusi\u00f3n Social, Rosa P\u00e9rez Garijo, se ha reunido con los alcaldes \u00d3scar Navarro, de Poliny\u00e0 del X\u00faquer, Felipe Hernandis, de Albalat de la Ribera, Judith Catellino, de Riola, y V\u00edctor Mansanet, de <a class=\"mh-excerpt-more\" href=\"https:\/\/www.tucomarca.com\/wordpress\/segunda\/perez-garijo-explica-a-alcaldes-de-la-ribera-y-safor-la-politica-de-inclusion-social-de-la-nueva-diputacion\/\" title=\"P\u00e9rez Garijo explica a alcaldes de la Ribera y Safor la pol\u00edtica de inclusi\u00f3n social de la nueva Diputaci\u00f3n\">[+] <\/a><\/div>\n","protected":false},"author":2,"featured_media":40536,"comment_status":"open","ping_status":"open","sticky":false,"template":"","format":"standard","meta":{"footnotes":""},"categories":[8,42,3,45],"tags":[1093,204,8984,689,3642,8985,967],"class_list":{"0":"post-40535","1":"post","2":"type-post","3":"status-publish","4":"format-standard","5":"has-post-thumbnail","7":"category-la-comarca","8":"category-la-ribera","9":"category-seccion","10":"category-ventana","11":"tag-alcaldes","12":"tag-diputacion","13":"tag-garijo","14":"tag-la-ribera-2","15":"tag-la-safor","16":"tag-politicas-de-inclusion","17":"tag-reunion"},"_links":{"self":[{"href":"https:\/\/www.tucomarca.com\/wordpress\/segunda\/wp-json\/wp\/v2\/posts\/40535","targetHints":{"allow":["GET"]}}],"collection":[{"href":"https:\/\/www.tucomarca.com\/wordpress\/segunda\/wp-json\/wp\/v2\/posts"}],"about":[{"href":"https:\/\/www.tucomarca.com\/wordpress\/segunda\/wp-json\/wp\/v2\/types\/post"}],"author":[{"embeddable":true,"href":"https:\/\/www.tucomarca.com\/wordpress\/segunda\/wp-json\/wp\/v2\/users\/2"}],"replies":[{"embeddable":true,"href":"https:\/\/www.tucomarca.com\/wordpress\/segunda\/wp-json\/wp\/v2\/comments?post=40535"}],"version-history":[{"count":0,"href":"https:\/\/www.tucomarca.com\/wordpress\/segunda\/wp-json\/wp\/v2\/posts\/40535\/revisions"}],"wp:featuredmedia":[{"embeddable":true,"href":"https:\/\/www.tucomarca.com\/wordpress\/segunda\/wp-json\/wp\/v2\/media\/40536"}],"wp:attachment":[{"href":"https:\/\/www.tucomarca.com\/wordpress\/segunda\/wp-json\/wp\/v2\/media?parent=40535"}],"wp:term":[{"taxonomy":"category","embeddable":true,"href":"https:\/\/www.tucomarca.com\/wordpress\/segunda\/wp-json\/wp\/v2\/categories?post=40535"},{"taxonomy":"post_tag","embeddable":true,"href":"https:\/\/www.tucomarca.com\/wordpress\/segunda\/wp-json\/wp\/v2\/tags?post=40535"}],"curies":[{"name":"wp","href":"https:\/\/api.w.org\/{rel}","templated":true}]}}