{"id":40539,"date":"2015-10-06T19:51:01","date_gmt":"2015-10-06T16:51:01","guid":{"rendered":"http:\/\/www.tucomarca.com\/wordpress\/segunda\/?p=40539"},"modified":"2015-10-06T19:51:01","modified_gmt":"2015-10-06T16:51:01","slug":"chera-mejora-sus-caminos-forestales","status":"publish","type":"post","link":"https:\/\/www.tucomarca.com\/wordpress\/segunda\/chera-mejora-sus-caminos-forestales\/","title":{"rendered":"Chera mejora sus caminos forestales"},"content":{"rendered":"<p>Chera ha iniciado las obras de acondicionamiento del camino forestal que une esta poblaci\u00f3n y el pico Rop\u00e9  hasta la zona de el refugio del plano. Los trabajos en la pista los est\u00e1 llevando a cabo la empresa Vaersa y seg\u00fan el alcalde de la mencionada poblaci\u00f3n, Alejandro Portero \u201clas obras se prolongar\u00e1n durante varias semanas por lo que habr\u00e1 que circular por la v\u00eda con precauci\u00f3n y tambi\u00e9n puede haber cortes intermitentes\u201d. informa Luis Ib\u00e1\u00f1ez.<\/p>\n","protected":false},"excerpt":{"rendered":"<div class=\"mh-excerpt\">Chera ha iniciado las obras de acondicionamiento del camino forestal que une esta poblaci\u00f3n y el pico Rop\u00e9 hasta la zona de el refugio del plano. Los trabajos en la pista los est\u00e1 llevando a <a class=\"mh-excerpt-more\" href=\"https:\/\/www.tucomarca.com\/wordpress\/segunda\/chera-mejora-sus-caminos-forestales\/\" title=\"Chera mejora sus caminos forestales\">[+] <\/a><\/div>\n","protected":false},"author":2,"featured_media":0,"comment_status":"open","ping_status":"open","sticky":false,"template":"","format":"standard","meta":{"footnotes":""},"categories":[186,128,8,59,3],"tags":[7549,8986,10415],"class_list":{"0":"post-40539","1":"post","2":"type-post","3":"status-publish","4":"format-standard","6":"category-chera-los-serranos","7":"category-infraestructuras","8":"category-la-comarca","9":"category-los-serranos","10":"category-seccion","11":"tag-acondiciona","12":"tag-camino-forestal","13":"tag-chera"},"_links":{"self":[{"href":"https:\/\/www.tucomarca.com\/wordpress\/segunda\/wp-json\/wp\/v2\/posts\/40539","targetHints":{"allow":["GET"]}}],"collection":[{"href":"https:\/\/www.tucomarca.com\/wordpress\/segunda\/wp-json\/wp\/v2\/posts"}],"about":[{"href":"https:\/\/www.tucomarca.com\/wordpress\/segunda\/wp-json\/wp\/v2\/types\/post"}],"author":[{"embeddable":true,"href":"https:\/\/www.tucomarca.com\/wordpress\/segunda\/wp-json\/wp\/v2\/users\/2"}],"replies":[{"embeddable":true,"href":"https:\/\/www.tucomarca.com\/wordpress\/segunda\/wp-json\/wp\/v2\/comments?post=40539"}],"version-history":[{"count":0,"href":"https:\/\/www.tucomarca.com\/wordpress\/segunda\/wp-json\/wp\/v2\/posts\/40539\/revisions"}],"wp:attachment":[{"href":"https:\/\/www.tucomarca.com\/wordpress\/segunda\/wp-json\/wp\/v2\/media?parent=40539"}],"wp:term":[{"taxonomy":"category","embeddable":true,"href":"https:\/\/www.tucomarca.com\/wordpress\/segunda\/wp-json\/wp\/v2\/categories?post=40539"},{"taxonomy":"post_tag","embeddable":true,"href":"https:\/\/www.tucomarca.com\/wordpress\/segunda\/wp-json\/wp\/v2\/tags?post=40539"}],"curies":[{"name":"wp","href":"https:\/\/api.w.org\/{rel}","templated":true}]}}