{"id":40567,"date":"2015-10-07T19:42:00","date_gmt":"2015-10-07T16:42:00","guid":{"rendered":"http:\/\/www.tucomarca.com\/wordpress\/segunda\/?p=40567"},"modified":"2015-10-07T19:42:03","modified_gmt":"2015-10-07T16:42:03","slug":"villar-del-arzobispo-solicita-ayuda-a-la-diputacion-para-dar-solucion-a-los-problemas-locales","status":"publish","type":"post","link":"https:\/\/www.tucomarca.com\/wordpress\/segunda\/villar-del-arzobispo-solicita-ayuda-a-la-diputacion-para-dar-solucion-a-los-problemas-locales\/","title":{"rendered":"Villar del Arzobispo solicita ayuda a la Diputaci\u00f3n para dar soluci\u00f3n a los problemas locales"},"content":{"rendered":"<p><a href=\"https:\/\/www.tucomarca.com\/wordpress\/segunda\/2015\/10\/villar-del-arzobispo-solicita-ayuda-a-la-diputacion-para-dar-solucion-a-los-problemas-locales\/villar\/\" rel=\"attachment wp-att-40568\"><img loading=\"lazy\" decoding=\"async\" src=\"https:\/\/www.tucomarca.com\/wordpress\/segunda\/wp-content\/uploads\/2015\/10\/villar-300x168.jpg\" alt=\"\" title=\"villar\" width=\"300\" height=\"168\" class=\"alignleft size-medium wp-image-40568\" srcset=\"https:\/\/www.tucomarca.com\/wordpress\/segunda\/wp-content\/uploads\/2015\/10\/villar-300x168.jpg 300w, https:\/\/www.tucomarca.com\/wordpress\/segunda\/wp-content\/uploads\/2015\/10\/villar-1024x575.jpg 1024w\" sizes=\"auto, (max-width: 300px) 100vw, 300px\" \/><\/a>El diputado de Transparencia de la Diputaci\u00f3n de Valencia, Roberto Jaramillo, se ha reunido con el alcalde de Villar del Arzobispo, Jos\u00e9 Vidal Balaguer, para abordar las necesidades actuales del municipio y la situaci\u00f3n del consistorio local.<\/p>\n<p>El alcalde, tras el encuentro celebrado en la sede de la instituci\u00f3n provincial, ha mostrado su satisfacci\u00f3n por la acogida de sus planteamientos en la corporaci\u00f3n.<\/p>\n<p>\u201cLos problemas del municipio est\u00e1n relacionados, principalmente, con el medio ambiente, por las minas existentes en la localidad y el transporte que pasa por el interior del casco urbano\u201d, ha explicado el primer edil.<\/p>\n<p>Roberto Jaramillo, por su parte, ha destacado que la reuni\u00f3n forma parte de la ronda de contactos que ha comenzado a mantener en la Diputaci\u00f3n con los ayuntamientos, adem\u00e1s de ofrecer al alcalde de Villar del Arzobispo \u201ctoda la ayuda y el asesoramiento posibles de la Diputaci\u00f3n para dar soluci\u00f3n a los problemas del municipio\u201d.<\/p>\n","protected":false},"excerpt":{"rendered":"<div class=\"mh-excerpt\">El diputado de Transparencia de la Diputaci\u00f3n de Valencia, Roberto Jaramillo, se ha reunido con el alcalde de Villar del Arzobispo, Jos\u00e9 Vidal Balaguer, para abordar las necesidades actuales del municipio y la situaci\u00f3n del <a class=\"mh-excerpt-more\" href=\"https:\/\/www.tucomarca.com\/wordpress\/segunda\/villar-del-arzobispo-solicita-ayuda-a-la-diputacion-para-dar-solucion-a-los-problemas-locales\/\" title=\"Villar del Arzobispo solicita ayuda a la Diputaci\u00f3n para dar soluci\u00f3n a los problemas locales\">[+] <\/a><\/div>\n","protected":false},"author":2,"featured_media":40568,"comment_status":"open","ping_status":"open","sticky":false,"template":"","format":"standard","meta":{"footnotes":""},"categories":[8,59,3,171],"tags":[854,204,2026,2997,8999,10428],"class_list":{"0":"post-40567","1":"post","2":"type-post","3":"status-publish","4":"format-standard","5":"has-post-thumbnail","7":"category-la-comarca","8":"category-los-serranos","9":"category-seccion","10":"category-villar-del-arzobispo","11":"tag-ayuda","12":"tag-diputacion","13":"tag-municipio","14":"tag-problemas","15":"tag-solucionar","16":"tag-villar-del-arzobispo"},"_links":{"self":[{"href":"https:\/\/www.tucomarca.com\/wordpress\/segunda\/wp-json\/wp\/v2\/posts\/40567","targetHints":{"allow":["GET"]}}],"collection":[{"href":"https:\/\/www.tucomarca.com\/wordpress\/segunda\/wp-json\/wp\/v2\/posts"}],"about":[{"href":"https:\/\/www.tucomarca.com\/wordpress\/segunda\/wp-json\/wp\/v2\/types\/post"}],"author":[{"embeddable":true,"href":"https:\/\/www.tucomarca.com\/wordpress\/segunda\/wp-json\/wp\/v2\/users\/2"}],"replies":[{"embeddable":true,"href":"https:\/\/www.tucomarca.com\/wordpress\/segunda\/wp-json\/wp\/v2\/comments?post=40567"}],"version-history":[{"count":0,"href":"https:\/\/www.tucomarca.com\/wordpress\/segunda\/wp-json\/wp\/v2\/posts\/40567\/revisions"}],"wp:featuredmedia":[{"embeddable":true,"href":"https:\/\/www.tucomarca.com\/wordpress\/segunda\/wp-json\/wp\/v2\/media\/40568"}],"wp:attachment":[{"href":"https:\/\/www.tucomarca.com\/wordpress\/segunda\/wp-json\/wp\/v2\/media?parent=40567"}],"wp:term":[{"taxonomy":"category","embeddable":true,"href":"https:\/\/www.tucomarca.com\/wordpress\/segunda\/wp-json\/wp\/v2\/categories?post=40567"},{"taxonomy":"post_tag","embeddable":true,"href":"https:\/\/www.tucomarca.com\/wordpress\/segunda\/wp-json\/wp\/v2\/tags?post=40567"}],"curies":[{"name":"wp","href":"https:\/\/api.w.org\/{rel}","templated":true}]}}