{"id":40586,"date":"2015-10-08T19:55:52","date_gmt":"2015-10-08T16:55:52","guid":{"rendered":"http:\/\/www.tucomarca.com\/wordpress\/segunda\/?p=40586"},"modified":"2015-10-07T19:57:29","modified_gmt":"2015-10-07T16:57:29","slug":"fiesta-de-despedida-del-verano-en-bunol","status":"publish","type":"post","link":"https:\/\/www.tucomarca.com\/wordpress\/segunda\/fiesta-de-despedida-del-verano-en-bunol\/","title":{"rendered":"Fiesta de despedida del verano en Bu\u00f1ol"},"content":{"rendered":"<p>La Concejal\u00eda de Feria y Fiestas de Bu\u00f1ol ha programado para el 9 de octubre \u2014D\u00eda de la Comunidad Valenciana\u2014 un intenso programa de actividades con las que celebrar tan se\u00f1alado d\u00eda y que servir\u00e1, adem\u00e1s, para despedir la intensa etapa estival.<br \/>\nLa Avenida Rafael Ridaura ha sido el punto de encuentro elegido para quienes deseen participar de esta fiesta en la que se dan la mano la gastronom\u00eda y la m\u00fasica. As\u00ed, los asistentes van a poder degustar al mediod\u00eda las paellas y las tradicionales torr\u00e0s en compa\u00f1\u00eda de amigos y allegados. La jornada se cerrar\u00e1 con una discom\u00f3vil a fin de dejar en los participantes las buenas sensaciones que acompa\u00f1an habitualmente a la m\u00fasica.<br \/>\nEsta fiesta de despedida del verano se ha celebrado con notable \u00e9xito de asistencia en ediciones precedentes, por lo que todo apunta nuevamente a una notable afluencia de p\u00fablico, siempre cuando la climatolog\u00eda acompa\u00f1e.<\/p>\n","protected":false},"excerpt":{"rendered":"<div class=\"mh-excerpt\">La Concejal\u00eda de Feria y Fiestas de Bu\u00f1ol ha programado para el 9 de octubre \u2014D\u00eda de la Comunidad Valenciana\u2014 un intenso programa de actividades con las que celebrar tan se\u00f1alado d\u00eda y que servir\u00e1, <a class=\"mh-excerpt-more\" href=\"https:\/\/www.tucomarca.com\/wordpress\/segunda\/fiesta-de-despedida-del-verano-en-bunol\/\" title=\"Fiesta de despedida del verano en Bu\u00f1ol\">[+] <\/a><\/div>\n","protected":false},"author":2,"featured_media":0,"comment_status":"open","ping_status":"open","sticky":false,"template":"","format":"standard","meta":{"footnotes":""},"categories":[4,3],"tags":[10385,217,818,889],"class_list":{"0":"post-40586","1":"post","2":"type-post","3":"status-publish","4":"format-standard","6":"category-agenda","7":"category-seccion","8":"tag-bunol","9":"tag-despedida","10":"tag-fiesta","11":"tag-verano"},"_links":{"self":[{"href":"https:\/\/www.tucomarca.com\/wordpress\/segunda\/wp-json\/wp\/v2\/posts\/40586","targetHints":{"allow":["GET"]}}],"collection":[{"href":"https:\/\/www.tucomarca.com\/wordpress\/segunda\/wp-json\/wp\/v2\/posts"}],"about":[{"href":"https:\/\/www.tucomarca.com\/wordpress\/segunda\/wp-json\/wp\/v2\/types\/post"}],"author":[{"embeddable":true,"href":"https:\/\/www.tucomarca.com\/wordpress\/segunda\/wp-json\/wp\/v2\/users\/2"}],"replies":[{"embeddable":true,"href":"https:\/\/www.tucomarca.com\/wordpress\/segunda\/wp-json\/wp\/v2\/comments?post=40586"}],"version-history":[{"count":0,"href":"https:\/\/www.tucomarca.com\/wordpress\/segunda\/wp-json\/wp\/v2\/posts\/40586\/revisions"}],"wp:attachment":[{"href":"https:\/\/www.tucomarca.com\/wordpress\/segunda\/wp-json\/wp\/v2\/media?parent=40586"}],"wp:term":[{"taxonomy":"category","embeddable":true,"href":"https:\/\/www.tucomarca.com\/wordpress\/segunda\/wp-json\/wp\/v2\/categories?post=40586"},{"taxonomy":"post_tag","embeddable":true,"href":"https:\/\/www.tucomarca.com\/wordpress\/segunda\/wp-json\/wp\/v2\/tags?post=40586"}],"curies":[{"name":"wp","href":"https:\/\/api.w.org\/{rel}","templated":true}]}}