{"id":4062,"date":"2012-06-25T14:27:24","date_gmt":"2012-06-25T12:27:24","guid":{"rendered":"http:\/\/www.tucomarca.com\/wordpress\/segunda\/?p=4062"},"modified":"2012-06-25T14:27:24","modified_gmt":"2012-06-25T12:27:24","slug":"los-educandos-de-la-banda-%c2%abla-lira%c2%bb-de-cheste-celebran-el-fin-de-curso-con-un-concierto","status":"publish","type":"post","link":"https:\/\/www.tucomarca.com\/wordpress\/segunda\/los-educandos-de-la-banda-%c2%abla-lira%c2%bb-de-cheste-celebran-el-fin-de-curso-con-un-concierto\/","title":{"rendered":"Los educandos de la Banda \u00abLa Lira\u00bb de Cheste celebran el fin de curso con un concierto"},"content":{"rendered":"<p style=\"text-align: left;\">\n<figure id=\"attachment_4063\" aria-describedby=\"caption-attachment-4063\" style=\"width: 614px\" class=\"wp-caption aligncenter\"><a href=\"https:\/\/www.tucomarca.com\/wordpress\/segunda\/wp-content\/uploads\/2012\/06\/conciertoeducandos.jpg\"><img loading=\"lazy\" decoding=\"async\" class=\"size-large wp-image-4063 \" title=\"conciertoeducandos\" src=\"https:\/\/www.tucomarca.com\/wordpress\/segunda\/wp-content\/uploads\/2012\/06\/conciertoeducandos-1024x768.jpg\" alt=\"Una imagen del concierto ofrecido por los educandos.\" width=\"614\" height=\"461\" srcset=\"https:\/\/www.tucomarca.com\/wordpress\/segunda\/wp-content\/uploads\/2012\/06\/conciertoeducandos-1024x768.jpg 1024w, https:\/\/www.tucomarca.com\/wordpress\/segunda\/wp-content\/uploads\/2012\/06\/conciertoeducandos-300x225.jpg 300w, https:\/\/www.tucomarca.com\/wordpress\/segunda\/wp-content\/uploads\/2012\/06\/conciertoeducandos.jpg 1600w\" sizes=\"auto, (max-width: 614px) 100vw, 614px\" \/><\/a><figcaption id=\"caption-attachment-4063\" class=\"wp-caption-text\">Una imagen del concierto ofrecido por los educandos de la Banda \u00abLa Lira\u00bb de Cheste.<\/figcaption><\/figure>\n<p>Los educandos de la Banda \u00abLa Lira\u00bb de Cheste han celebrado este fin de semana su fin de curso con un gran concierto para todo el pueblo en la plaza Dr. Cajal.<\/p>\n<p>Desde los m\u00e1s peque\u00f1os a los mayores de los educandos de la Banda \u00abLa Lira\u00bb de Cheste han festejado con un gran concierto para todo el pueblo su fin de curso.<\/p>\n<p>Entre los presentes la concejal de cultura, Rosa M\u00aa Cervera, quien destac\u00f3 el gran inter\u00e9s y empe\u00f1o que ponen estos j\u00f3venes para desarrollar sus habilidades musicales as\u00ed como el tiempo que le dedican y que \u201csin lugar a dudas les ense\u00f1a h\u00e1bitos de estudio y el camino del esfuerzo para conseguir sus prop\u00f3sitos\u201d, seg\u00fan ha dicho.<\/p>\n<p>Estos ni\u00f1os y j\u00f3venes que ofrecieron los mejor de s\u00ed mismos en este din\u00e1mico y divertido concierto aspiran en un futuro a pasar a formar parte de la Banda Juvenil y de ah\u00ed a la Banda \u00abLa Lira\u00bb de Cheste.<\/p>\n","protected":false},"excerpt":{"rendered":"<div class=\"mh-excerpt\">Los educandos de la Banda \u00abLa Lira\u00bb de Cheste han celebrado este fin de semana su fin de curso con un gran concierto para todo el pueblo en la plaza Dr. Cajal. Desde los m\u00e1s <a class=\"mh-excerpt-more\" href=\"https:\/\/www.tucomarca.com\/wordpress\/segunda\/los-educandos-de-la-banda-%c2%abla-lira%c2%bb-de-cheste-celebran-el-fin-de-curso-con-un-concierto\/\" title=\"Los educandos de la Banda \u00abLa Lira\u00bb de Cheste celebran el fin de curso con un concierto\">[+] <\/a><\/div>\n","protected":false},"author":1,"featured_media":4063,"comment_status":"open","ping_status":"open","sticky":false,"template":"","format":"standard","meta":{"footnotes":""},"categories":[66,17,10,7,3,45],"tags":[],"class_list":{"0":"post-4062","1":"post","2":"type-post","3":"status-publish","4":"format-standard","5":"has-post-thumbnail","7":"category-musica","8":"category-cheste","9":"category-la-hoya","10":"category-ocio-y-cultura","11":"category-seccion","12":"category-ventana"},"_links":{"self":[{"href":"https:\/\/www.tucomarca.com\/wordpress\/segunda\/wp-json\/wp\/v2\/posts\/4062","targetHints":{"allow":["GET"]}}],"collection":[{"href":"https:\/\/www.tucomarca.com\/wordpress\/segunda\/wp-json\/wp\/v2\/posts"}],"about":[{"href":"https:\/\/www.tucomarca.com\/wordpress\/segunda\/wp-json\/wp\/v2\/types\/post"}],"author":[{"embeddable":true,"href":"https:\/\/www.tucomarca.com\/wordpress\/segunda\/wp-json\/wp\/v2\/users\/1"}],"replies":[{"embeddable":true,"href":"https:\/\/www.tucomarca.com\/wordpress\/segunda\/wp-json\/wp\/v2\/comments?post=4062"}],"version-history":[{"count":0,"href":"https:\/\/www.tucomarca.com\/wordpress\/segunda\/wp-json\/wp\/v2\/posts\/4062\/revisions"}],"wp:featuredmedia":[{"embeddable":true,"href":"https:\/\/www.tucomarca.com\/wordpress\/segunda\/wp-json\/wp\/v2\/media\/4063"}],"wp:attachment":[{"href":"https:\/\/www.tucomarca.com\/wordpress\/segunda\/wp-json\/wp\/v2\/media?parent=4062"}],"wp:term":[{"taxonomy":"category","embeddable":true,"href":"https:\/\/www.tucomarca.com\/wordpress\/segunda\/wp-json\/wp\/v2\/categories?post=4062"},{"taxonomy":"post_tag","embeddable":true,"href":"https:\/\/www.tucomarca.com\/wordpress\/segunda\/wp-json\/wp\/v2\/tags?post=4062"}],"curies":[{"name":"wp","href":"https:\/\/api.w.org\/{rel}","templated":true}]}}