{"id":40651,"date":"2015-10-12T13:27:09","date_gmt":"2015-10-12T10:27:09","guid":{"rendered":"http:\/\/www.tucomarca.com\/wordpress\/segunda\/?p=40651"},"modified":"2015-10-12T13:27:35","modified_gmt":"2015-10-12T10:27:35","slug":"la-asociacion-democratica-de-jubilados-y-pensionistas-de-requena-da-a-conocer-su-semana-cultural","status":"publish","type":"post","link":"https:\/\/www.tucomarca.com\/wordpress\/segunda\/la-asociacion-democratica-de-jubilados-y-pensionistas-de-requena-da-a-conocer-su-semana-cultural\/","title":{"rendered":"La Asociaci\u00f3n Democr\u00e1tica de Jubilados y Pensionistas de Requena da a conocer los actos de su Semana Cultural"},"content":{"rendered":"<p>Las asociaciones de Requena relacionadas con la tercera edad acostumbran a celebrar sus  respectivas semanas culturales. En esta ocasi\u00f3n es la Asociaci\u00f3n Democr\u00e1tica de Jubilados y Pensionistas la que ha programado los actos de su Semana Cultural que se celebrar\u00e1 entre los d\u00edas 2 y 8 de noviembre.<br \/>\nEl programa de actos incluye campeonatos de billar, truque, petanca,  brisca, domin\u00f3 y cinquillo, una charla sobre temas relacionados con la salud a cargo de doctores del hospital  general de Requena, una actuaci\u00f3n del  Club de los Poetas Vivos,  otra de Amigos del Acorde\u00f3n y del Coro de Sevillanas de Requena. Tambi\u00e9n del cuadro de baile de la asociaci\u00f3n Amigos de Andaluc\u00eda y una actividad de entretenimiento y humor.<br \/>\nLos actos concluir\u00e1n con una comida de covivencia y con fraternidad a la que est\u00e1 prevista la asistencia de las m\u00e1ximas autoridades locales y una sesi\u00f3n de baile amenizada por el d\u00fao Cupper&#8217;s. Informa Luis Ib\u00e1\u00f1ez.<\/p>\n","protected":false},"excerpt":{"rendered":"<div class=\"mh-excerpt\">Las asociaciones de Requena relacionadas con la tercera edad acostumbran a celebrar sus respectivas semanas culturales. En esta ocasi\u00f3n es la Asociaci\u00f3n Democr\u00e1tica de Jubilados y Pensionistas la que ha programado los actos de su <a class=\"mh-excerpt-more\" href=\"https:\/\/www.tucomarca.com\/wordpress\/segunda\/la-asociacion-democratica-de-jubilados-y-pensionistas-de-requena-da-a-conocer-su-semana-cultural\/\" title=\"La Asociaci\u00f3n Democr\u00e1tica de Jubilados y Pensionistas de Requena da a conocer los actos de su Semana Cultural\">[+] <\/a><\/div>\n","protected":false},"author":2,"featured_media":0,"comment_status":"open","ping_status":"open","sticky":false,"template":"","format":"standard","meta":{"footnotes":""},"categories":[4,8,27,3],"tags":[9011,1417,10388,3900],"class_list":{"0":"post-40651","1":"post","2":"type-post","3":"status-publish","4":"format-standard","6":"category-agenda","7":"category-la-comarca","8":"category-requena-utiel","9":"category-seccion","10":"tag-asociacion-jubilados","11":"tag-programa","12":"tag-requena","13":"tag-semana-cultural"},"_links":{"self":[{"href":"https:\/\/www.tucomarca.com\/wordpress\/segunda\/wp-json\/wp\/v2\/posts\/40651","targetHints":{"allow":["GET"]}}],"collection":[{"href":"https:\/\/www.tucomarca.com\/wordpress\/segunda\/wp-json\/wp\/v2\/posts"}],"about":[{"href":"https:\/\/www.tucomarca.com\/wordpress\/segunda\/wp-json\/wp\/v2\/types\/post"}],"author":[{"embeddable":true,"href":"https:\/\/www.tucomarca.com\/wordpress\/segunda\/wp-json\/wp\/v2\/users\/2"}],"replies":[{"embeddable":true,"href":"https:\/\/www.tucomarca.com\/wordpress\/segunda\/wp-json\/wp\/v2\/comments?post=40651"}],"version-history":[{"count":0,"href":"https:\/\/www.tucomarca.com\/wordpress\/segunda\/wp-json\/wp\/v2\/posts\/40651\/revisions"}],"wp:attachment":[{"href":"https:\/\/www.tucomarca.com\/wordpress\/segunda\/wp-json\/wp\/v2\/media?parent=40651"}],"wp:term":[{"taxonomy":"category","embeddable":true,"href":"https:\/\/www.tucomarca.com\/wordpress\/segunda\/wp-json\/wp\/v2\/categories?post=40651"},{"taxonomy":"post_tag","embeddable":true,"href":"https:\/\/www.tucomarca.com\/wordpress\/segunda\/wp-json\/wp\/v2\/tags?post=40651"}],"curies":[{"name":"wp","href":"https:\/\/api.w.org\/{rel}","templated":true}]}}