{"id":4066,"date":"2012-06-25T13:30:05","date_gmt":"2012-06-25T11:30:05","guid":{"rendered":"http:\/\/www.tucomarca.com\/wordpress\/segunda\/?p=4066"},"modified":"2012-06-25T14:36:48","modified_gmt":"2012-06-25T12:36:48","slug":"los-amigos-de-francisco-sanchez-se-suman-a-los-homenajes-al-director-de-la-coral-de-cheste","status":"publish","type":"post","link":"https:\/\/www.tucomarca.com\/wordpress\/segunda\/los-amigos-de-francisco-sanchez-se-suman-a-los-homenajes-al-director-de-la-coral-de-cheste\/","title":{"rendered":"Los amigos de Francisco S\u00e1nchez se suman a los homenajes al director de la Coral de Cheste"},"content":{"rendered":"<p style=\"text-align: left;\">&nbsp;<\/p>\n<figure id=\"attachment_4067\" aria-describedby=\"caption-attachment-4067\" style=\"width: 614px\" class=\"wp-caption aligncenter\"><a href=\"https:\/\/www.tucomarca.com\/wordpress\/segunda\/wp-content\/uploads\/2012\/06\/homenaje.jpg\"><img loading=\"lazy\" decoding=\"async\" class=\"size-large wp-image-4067 \" title=\"homenaje\" src=\"https:\/\/www.tucomarca.com\/wordpress\/segunda\/wp-content\/uploads\/2012\/06\/homenaje-1024x576.jpg\" alt=\"Los amigos del chestano han querido sumarse as\u00ed a los homenajes.\" width=\"614\" height=\"346\" \/><\/a><figcaption id=\"caption-attachment-4067\" class=\"wp-caption-text\">Los amigos del chestano han querido sumarse as\u00ed a los homenajes.<\/figcaption><\/figure>\n<p>Francisco S\u00e1nchez, quien fuese durante a\u00f1os el director de la Coral San Lucas Evangelista de Cheste, est\u00e1 recibiendo estos d\u00edas numerosas muestras de homenaje y reconocimiento.<\/p>\n<p>Si d\u00edas atr\u00e1s era el alcalde de Cheste quien impon\u00eda a Francisco S\u00e1nchez el escudo insignia del Ayuntamiento como distinci\u00f3n por su labor musical y trabajo dedicado al pueblo, ahora han sido sus amigos quien han querido poner de manifiesto las virtudes de Francisco S\u00e1nchez con una comida.<\/p>\n<p>La comida de reconocimiento ha tenido lugar este fin de semana y en ella se record\u00f3 y festej\u00f3 los numerosos a\u00f1os en los que Francisco S\u00e1nchez ha estado al frente de la Coral San Lucas Evangelista as\u00ed como en los numerosos eventos musicales de la poblaci\u00f3n.<\/p>\n<p>Francisco S\u00e1nchez ha destacado por su trabajo dedicado al pueblo especialmente por su labor de\u00a0 Organista, Director Musical y Compositor.<\/p>\n","protected":false},"excerpt":{"rendered":"<div class=\"mh-excerpt\">&nbsp; Francisco S\u00e1nchez, quien fuese durante a\u00f1os el director de la Coral San Lucas Evangelista de Cheste, est\u00e1 recibiendo estos d\u00edas numerosas muestras de homenaje y reconocimiento. Si d\u00edas atr\u00e1s era el alcalde de Cheste <a class=\"mh-excerpt-more\" href=\"https:\/\/www.tucomarca.com\/wordpress\/segunda\/los-amigos-de-francisco-sanchez-se-suman-a-los-homenajes-al-director-de-la-coral-de-cheste\/\" title=\"Los amigos de Francisco S\u00e1nchez se suman a los homenajes al director de la Coral de Cheste\">[+] <\/a><\/div>\n","protected":false},"author":1,"featured_media":4067,"comment_status":"open","ping_status":"open","sticky":false,"template":"","format":"standard","meta":{"footnotes":""},"categories":[66,17,10,7,3,45],"tags":[],"class_list":{"0":"post-4066","1":"post","2":"type-post","3":"status-publish","4":"format-standard","5":"has-post-thumbnail","7":"category-musica","8":"category-cheste","9":"category-la-hoya","10":"category-ocio-y-cultura","11":"category-seccion","12":"category-ventana"},"_links":{"self":[{"href":"https:\/\/www.tucomarca.com\/wordpress\/segunda\/wp-json\/wp\/v2\/posts\/4066","targetHints":{"allow":["GET"]}}],"collection":[{"href":"https:\/\/www.tucomarca.com\/wordpress\/segunda\/wp-json\/wp\/v2\/posts"}],"about":[{"href":"https:\/\/www.tucomarca.com\/wordpress\/segunda\/wp-json\/wp\/v2\/types\/post"}],"author":[{"embeddable":true,"href":"https:\/\/www.tucomarca.com\/wordpress\/segunda\/wp-json\/wp\/v2\/users\/1"}],"replies":[{"embeddable":true,"href":"https:\/\/www.tucomarca.com\/wordpress\/segunda\/wp-json\/wp\/v2\/comments?post=4066"}],"version-history":[{"count":0,"href":"https:\/\/www.tucomarca.com\/wordpress\/segunda\/wp-json\/wp\/v2\/posts\/4066\/revisions"}],"wp:featuredmedia":[{"embeddable":true,"href":"https:\/\/www.tucomarca.com\/wordpress\/segunda\/wp-json\/wp\/v2\/media\/4067"}],"wp:attachment":[{"href":"https:\/\/www.tucomarca.com\/wordpress\/segunda\/wp-json\/wp\/v2\/media?parent=4066"}],"wp:term":[{"taxonomy":"category","embeddable":true,"href":"https:\/\/www.tucomarca.com\/wordpress\/segunda\/wp-json\/wp\/v2\/categories?post=4066"},{"taxonomy":"post_tag","embeddable":true,"href":"https:\/\/www.tucomarca.com\/wordpress\/segunda\/wp-json\/wp\/v2\/tags?post=4066"}],"curies":[{"name":"wp","href":"https:\/\/api.w.org\/{rel}","templated":true}]}}