{"id":40678,"date":"2015-10-13T13:18:38","date_gmt":"2015-10-13T10:18:38","guid":{"rendered":"http:\/\/www.tucomarca.com\/wordpress\/segunda\/?p=40678"},"modified":"2015-10-13T13:18:38","modified_gmt":"2015-10-13T10:18:38","slug":"benifaio-celebra-la-setmana-solidaria-contra-el-cancer","status":"publish","type":"post","link":"https:\/\/www.tucomarca.com\/wordpress\/segunda\/benifaio-celebra-la-setmana-solidaria-contra-el-cancer\/","title":{"rendered":"Benifai\u00f3 celebra la \u00abSetmana solid\u00e0ria contra el c\u00e0ncer\u00bb"},"content":{"rendered":"<p>Benifai\u00f3 comen\u00e7a hui dimarts 13 d\u2019octubre la seua setmana solid\u00e0ria contra el C\u00e0ncer amb una xarrada. L\u2019acte  tindr\u00e0 lloc a les 18:30h a la C\u00e0mara Agraria de Benifai\u00f3 amb el tema \u201cCom afrontar des del punt de vista psicol\u00f2gic i emocional el diagn\u00f2stic c\u00e0ncer\u201d a c\u00e0rrec de la psic\u00f2loga cl\u00ednica de l\u2019Hospital Universitari La Ribera Mar\u00eda Luisa Vidal S\u00e1nchez.<\/p>\n<p>A m\u00e9s de la xarrada hi ha per davant una programaci\u00f3 solid\u00e0ria important com ara Taules col.lectes contra el c\u00e0ncer el dijous 15 que estaran instal.lades a la Pla\u00e7a Major i Mercat Ambulant, el Sopar contra el c\u00e0ncer divendres 16 o la participativa marxa contra el c\u00e0ncer dissabte 17.<\/p>\n<p>Al Centre Cultural es poden comprar els tiquets per participar al sopar i la marxa, a m\u00e9s de poder col.laborar en la recaptaci\u00f3 econ\u00f2mica a favor de la lluita contra esta malaltia comprant articles contra el c\u00e0ncer com ara motxilles, polseres o samarretes, tot a preus solidaris.<\/p>\n","protected":false},"excerpt":{"rendered":"<div class=\"mh-excerpt\">Benifai\u00f3 comen\u00e7a hui dimarts 13 d\u2019octubre la seua setmana solid\u00e0ria contra el C\u00e0ncer amb una xarrada. L\u2019acte tindr\u00e0 lloc a les 18:30h a la C\u00e0mara Agraria de Benifai\u00f3 amb el tema \u201cCom afrontar des del <a class=\"mh-excerpt-more\" href=\"https:\/\/www.tucomarca.com\/wordpress\/segunda\/benifaio-celebra-la-setmana-solidaria-contra-el-cancer\/\" title=\"Benifai\u00f3 celebra la \u00abSetmana solid\u00e0ria contra el c\u00e0ncer\u00bb\">[+] <\/a><\/div>\n","protected":false},"author":2,"featured_media":0,"comment_status":"open","ping_status":"open","sticky":false,"template":"","format":"standard","meta":{"footnotes":""},"categories":[4,3],"tags":[10460,9017],"class_list":{"0":"post-40678","1":"post","2":"type-post","3":"status-publish","4":"format-standard","6":"category-agenda","7":"category-seccion","8":"tag-benifaio","9":"tag-setmana-contra-el-cancer"},"_links":{"self":[{"href":"https:\/\/www.tucomarca.com\/wordpress\/segunda\/wp-json\/wp\/v2\/posts\/40678","targetHints":{"allow":["GET"]}}],"collection":[{"href":"https:\/\/www.tucomarca.com\/wordpress\/segunda\/wp-json\/wp\/v2\/posts"}],"about":[{"href":"https:\/\/www.tucomarca.com\/wordpress\/segunda\/wp-json\/wp\/v2\/types\/post"}],"author":[{"embeddable":true,"href":"https:\/\/www.tucomarca.com\/wordpress\/segunda\/wp-json\/wp\/v2\/users\/2"}],"replies":[{"embeddable":true,"href":"https:\/\/www.tucomarca.com\/wordpress\/segunda\/wp-json\/wp\/v2\/comments?post=40678"}],"version-history":[{"count":0,"href":"https:\/\/www.tucomarca.com\/wordpress\/segunda\/wp-json\/wp\/v2\/posts\/40678\/revisions"}],"wp:attachment":[{"href":"https:\/\/www.tucomarca.com\/wordpress\/segunda\/wp-json\/wp\/v2\/media?parent=40678"}],"wp:term":[{"taxonomy":"category","embeddable":true,"href":"https:\/\/www.tucomarca.com\/wordpress\/segunda\/wp-json\/wp\/v2\/categories?post=40678"},{"taxonomy":"post_tag","embeddable":true,"href":"https:\/\/www.tucomarca.com\/wordpress\/segunda\/wp-json\/wp\/v2\/tags?post=40678"}],"curies":[{"name":"wp","href":"https:\/\/api.w.org\/{rel}","templated":true}]}}