{"id":4082,"date":"2012-06-25T15:16:09","date_gmt":"2012-06-25T13:16:09","guid":{"rendered":"http:\/\/www.tucomarca.com\/wordpress\/segunda\/?p=4082"},"modified":"2012-06-25T15:16:09","modified_gmt":"2012-06-25T13:16:09","slug":"llombai-cuenta-con-una-nueva-guia-verde","status":"publish","type":"post","link":"https:\/\/www.tucomarca.com\/wordpress\/segunda\/llombai-cuenta-con-una-nueva-guia-verde\/","title":{"rendered":"Llombai cuenta con una nueva gu\u00eda verde"},"content":{"rendered":"<p>El departamento de Medio Ambiente de la Diputaci\u00f3n de Valencia ha seleccionado para los viajeros un recorrido por kil\u00f3metros de denso bosque que combina la libertad de ir en bicicleta o a pie con lo mejor de la naturaleza, la gastronom\u00eda y la cultura de Llombai.<\/p>\n<p>Desde ahora, aquellos que deseen visitar y recorrer los parajes naturales de El Tello, Els Cerros y La Colaita pueden hacerlo guiados por un pr\u00e1ctico manual que resume en 20 p\u00e1ginas c\u00f3mo recorrer las sendas sinuosas en una ruta que lleva hasta la Torre Al\u00e8dua, o transitar espacios protegidos situados en la orilla del r\u00edo Magro.<\/p>\n<p>Cada recorrido est\u00e1 dise\u00f1ado espec\u00edficamente para disfrutar de la naturaleza en estado puro, e incluye informaci\u00f3n detallada sobre la flora y la fauna propia de este espacio natural donde habitan \u00e1guilas reales, \u00e1guilas perdiceras, b\u00fahos y cabras montesas en medio de una vegetaci\u00f3n compuesta por alg\u00fan roble valenciano y floraciones primaverales, como las de la jara blanca.<\/p>\n<p>Para el alcalde de Llombai este proyecto supone \u201cun gran aliciente para que los municipios que est\u00e1n preocupados por sus econom\u00edas locales apuesten por impulsar y dar a conocer sus atractivos naturales y patrimoniales y beneficiar, de esta manera, a los comercios y entidades de la localidad\u201d.<\/p>\n<p>\u201cEn la actualidad son muy necesarias iniciativas como \u00e9sta, que exporten los recursos tur\u00edsticos de las poblaciones y promocionen nuestros atractivos, que se resumen en gastronom\u00eda y naturaleza\u201d, ha aseverado el responsable municipal.<\/p>\n<p><strong>Tres parajes protegidos<\/strong><\/p>\n<p>La gu\u00eda ofrece un largo recorrido por El Tello, uno de los espacios verdes m\u00e1s singulares de la comarca de La Ribera que ocupa una superficie de 1065 \u00a0hect\u00e1reas, el m\u00e1s extenso de los parques declarados.<\/p>\n<p>El valor paisaj\u00edstico de esta maravilla natural es especialmente significativo en el \u00e1mbito territorial del municipio de Llombai, dado que es un monte rodeado de cultivos de secano, situado en la ribera del r\u00edo Magro y que queda al alcance de la vista desde las poblaciones de Alfarp, Llombai y Catadau.<\/p>\n<p>El folleto recomienda realizar la Senda del Estepar, de dificultad moderada y con grandes enclaves naturales y patrimoniales como el Corral Blanc, la Torre Al\u00e8dua, el mirador de L\u2019Estepar, el Pouet, el Corral de l\u2019Estepar y el pic del Besori.<\/p>\n<p>Esta gu\u00eda, que se ha editado en castellano y en valenciano, \u00a0recomienda tambi\u00e9n visitar el paraje de Els Cerros. El cat\u00e1logo informa sobre el cam\u00ed de la Talaia, que se adentra en la monta\u00f1a y llega pr\u00e1cticamente hasta la cumbre de los Cerros, que dan nombre al espacio protegido.<\/p>\n<p>La Colaita, situada en el extremo oeste del municipio, es el \u00faltimo de los parajes naturales de Llombai expuestos en este folleto, que tambi\u00e9n explica c\u00f3mo llegar hasta el camino del Moll\u00f3 Blanc, que lleva a la microrreserva de la Loma de Coca, donde creen algunas de las plantas valencianas m\u00e1s curiosas y exclusivas.<\/p>\n","protected":false},"excerpt":{"rendered":"<div class=\"mh-excerpt\">El departamento de Medio Ambiente de la Diputaci\u00f3n de Valencia ha seleccionado para los viajeros un recorrido por kil\u00f3metros de denso bosque que combina la libertad de ir en bicicleta o a pie con lo <a class=\"mh-excerpt-more\" href=\"https:\/\/www.tucomarca.com\/wordpress\/segunda\/llombai-cuenta-con-una-nueva-guia-verde\/\" title=\"Llombai cuenta con una nueva gu\u00eda verde\">[+] <\/a><\/div>\n","protected":false},"author":1,"featured_media":0,"comment_status":"open","ping_status":"open","sticky":false,"template":"","format":"standard","meta":{"footnotes":""},"categories":[169,8,42,97,117,3],"tags":[],"class_list":{"0":"post-4082","1":"post","2":"type-post","3":"status-publish","4":"format-standard","6":"category-agricultura-la-comarca","7":"category-la-comarca","8":"category-la-ribera","9":"category-llombai","10":"category-medio-ambiente-la-comarca","11":"category-seccion"},"_links":{"self":[{"href":"https:\/\/www.tucomarca.com\/wordpress\/segunda\/wp-json\/wp\/v2\/posts\/4082","targetHints":{"allow":["GET"]}}],"collection":[{"href":"https:\/\/www.tucomarca.com\/wordpress\/segunda\/wp-json\/wp\/v2\/posts"}],"about":[{"href":"https:\/\/www.tucomarca.com\/wordpress\/segunda\/wp-json\/wp\/v2\/types\/post"}],"author":[{"embeddable":true,"href":"https:\/\/www.tucomarca.com\/wordpress\/segunda\/wp-json\/wp\/v2\/users\/1"}],"replies":[{"embeddable":true,"href":"https:\/\/www.tucomarca.com\/wordpress\/segunda\/wp-json\/wp\/v2\/comments?post=4082"}],"version-history":[{"count":0,"href":"https:\/\/www.tucomarca.com\/wordpress\/segunda\/wp-json\/wp\/v2\/posts\/4082\/revisions"}],"wp:attachment":[{"href":"https:\/\/www.tucomarca.com\/wordpress\/segunda\/wp-json\/wp\/v2\/media?parent=4082"}],"wp:term":[{"taxonomy":"category","embeddable":true,"href":"https:\/\/www.tucomarca.com\/wordpress\/segunda\/wp-json\/wp\/v2\/categories?post=4082"},{"taxonomy":"post_tag","embeddable":true,"href":"https:\/\/www.tucomarca.com\/wordpress\/segunda\/wp-json\/wp\/v2\/tags?post=4082"}],"curies":[{"name":"wp","href":"https:\/\/api.w.org\/{rel}","templated":true}]}}