{"id":40851,"date":"2015-10-19T13:41:17","date_gmt":"2015-10-19T10:41:17","guid":{"rendered":"http:\/\/www.tucomarca.com\/wordpress\/segunda\/?p=40851"},"modified":"2015-10-19T13:41:21","modified_gmt":"2015-10-19T10:41:21","slug":"chiva-sol%c2%b7licita-a-larea-de-carreteres-de-diputacio-millores-en-diversos-vials-dacces-a-la-localitat","status":"publish","type":"post","link":"https:\/\/www.tucomarca.com\/wordpress\/segunda\/chiva-sol%c2%b7licita-a-larea-de-carreteres-de-diputacio-millores-en-diversos-vials-dacces-a-la-localitat\/","title":{"rendered":"Chiva sol\u00b7licita a l&#8217;\u00e0rea de Carreteres de Diputaci\u00f3 millores en diversos vials d&#8217;acc\u00e9s a la localitat"},"content":{"rendered":"<p><a href=\"https:\/\/www.tucomarca.com\/wordpress\/segunda\/2015\/10\/chiva-sol%c2%b7licita-a-larea-de-carreteres-de-diputacio-millores-en-diversos-vials-dacces-a-la-localitat\/chiva-dipu\/\" rel=\"attachment wp-att-40852\"><img loading=\"lazy\" decoding=\"async\" src=\"https:\/\/www.tucomarca.com\/wordpress\/segunda\/wp-content\/uploads\/2015\/10\/chiva-dipu-300x168.jpg\" alt=\"\" title=\"chiva-dipu\" width=\"300\" height=\"168\" class=\"alignleft size-medium wp-image-40852\" srcset=\"https:\/\/www.tucomarca.com\/wordpress\/segunda\/wp-content\/uploads\/2015\/10\/chiva-dipu-300x168.jpg 300w, https:\/\/www.tucomarca.com\/wordpress\/segunda\/wp-content\/uploads\/2015\/10\/chiva-dipu-1024x575.jpg 1024w\" sizes=\"auto, (max-width: 300px) 100vw, 300px\" \/><\/a>El diputat de Carreteres, Pablo Segu\u00ed, s&#8217;ha reunit amb l&#8217;alcalde de Chiva, Emilio Morales, per a tractar les necessitats de la seua localitat en mat\u00e8ria d&#8217;infraestructures i carreteres.<br \/>\nEl primer edil ha demanat a Segu\u00ed la millora de diversos vials que s\u00f3n propietat de la Diputaci\u00f3 de Val\u00e8ncia.  D&#8217;una banda, Morales ha sol\u00b7licitat l&#8217;eliminaci\u00f3 de punts negres, per excessos, en les carreteres comarcals que uneixen els diferents municipis de la comarca, que s\u00f3n la CV-421 i la CV-424 i millorar els accessos a la localitat. A m\u00e9s, ha demanat l&#8217;ampliaci\u00f3 d&#8217;aquesta \u00faltima ja que \u00e9s un vial pel qual transita una gran quantitat de vehicles pesants. Aix\u00ed mateix, ha requerit tamb\u00e9 l&#8217;adequaci\u00f3 de l&#8217;entrada A-3 de Torrent cap a la urbanitzaci\u00f3 de Calicanto, que correspon al vial CV-411. Per la seua banda, el diputat s&#8217;ha mostrat disposat a donar resposta a estudiar cadascuna de les sol\u00b7licituds.<\/p>\n","protected":false},"excerpt":{"rendered":"<div class=\"mh-excerpt\">El diputat de Carreteres, Pablo Segu\u00ed, s&#8217;ha reunit amb l&#8217;alcalde de Chiva, Emilio Morales, per a tractar les necessitats de la seua localitat en mat\u00e8ria d&#8217;infraestructures i carreteres. El primer edil ha demanat a Segu\u00ed <a class=\"mh-excerpt-more\" href=\"https:\/\/www.tucomarca.com\/wordpress\/segunda\/chiva-sol%c2%b7licita-a-larea-de-carreteres-de-diputacio-millores-en-diversos-vials-dacces-a-la-localitat\/\" title=\"Chiva sol\u00b7licita a l&#8217;\u00e0rea de Carreteres de Diputaci\u00f3 millores en diversos vials d&#8217;acc\u00e9s a la localitat\">[+] <\/a><\/div>\n","protected":false},"author":2,"featured_media":40852,"comment_status":"open","ping_status":"open","sticky":false,"template":"","format":"standard","meta":{"footnotes":""},"categories":[16,128,8,10,3],"tags":[10384,7285,9077],"class_list":{"0":"post-40851","1":"post","2":"type-post","3":"status-publish","4":"format-standard","5":"has-post-thumbnail","7":"category-chiva","8":"category-infraestructuras","9":"category-la-comarca","10":"category-la-hoya","11":"category-seccion","12":"tag-chiva","13":"tag-millores","14":"tag-vials"},"_links":{"self":[{"href":"https:\/\/www.tucomarca.com\/wordpress\/segunda\/wp-json\/wp\/v2\/posts\/40851","targetHints":{"allow":["GET"]}}],"collection":[{"href":"https:\/\/www.tucomarca.com\/wordpress\/segunda\/wp-json\/wp\/v2\/posts"}],"about":[{"href":"https:\/\/www.tucomarca.com\/wordpress\/segunda\/wp-json\/wp\/v2\/types\/post"}],"author":[{"embeddable":true,"href":"https:\/\/www.tucomarca.com\/wordpress\/segunda\/wp-json\/wp\/v2\/users\/2"}],"replies":[{"embeddable":true,"href":"https:\/\/www.tucomarca.com\/wordpress\/segunda\/wp-json\/wp\/v2\/comments?post=40851"}],"version-history":[{"count":0,"href":"https:\/\/www.tucomarca.com\/wordpress\/segunda\/wp-json\/wp\/v2\/posts\/40851\/revisions"}],"wp:featuredmedia":[{"embeddable":true,"href":"https:\/\/www.tucomarca.com\/wordpress\/segunda\/wp-json\/wp\/v2\/media\/40852"}],"wp:attachment":[{"href":"https:\/\/www.tucomarca.com\/wordpress\/segunda\/wp-json\/wp\/v2\/media?parent=40851"}],"wp:term":[{"taxonomy":"category","embeddable":true,"href":"https:\/\/www.tucomarca.com\/wordpress\/segunda\/wp-json\/wp\/v2\/categories?post=40851"},{"taxonomy":"post_tag","embeddable":true,"href":"https:\/\/www.tucomarca.com\/wordpress\/segunda\/wp-json\/wp\/v2\/tags?post=40851"}],"curies":[{"name":"wp","href":"https:\/\/api.w.org\/{rel}","templated":true}]}}