{"id":4091,"date":"2012-06-25T15:35:31","date_gmt":"2012-06-25T13:35:31","guid":{"rendered":"http:\/\/www.tucomarca.com\/wordpress\/segunda\/?p=4091"},"modified":"2012-06-25T15:35:31","modified_gmt":"2012-06-25T13:35:31","slug":"retransmision-en-directo-del-pleno-del-ayuntamiento-de-bunol-hoy-lunes-a-partir-de-las-1800-horas-por-tucomarca-television","status":"publish","type":"post","link":"https:\/\/www.tucomarca.com\/wordpress\/segunda\/retransmision-en-directo-del-pleno-del-ayuntamiento-de-bunol-hoy-lunes-a-partir-de-las-1800-horas-por-tucomarca-television\/","title":{"rendered":"Retransmisi\u00f3n en directo del pleno del Ayuntamiento de Bu\u00f1ol, hoy lunes a partir de las 18,00 horas, por tucomarca televisi\u00f3n"},"content":{"rendered":"<p>&nbsp;<\/p>\n<p>No os perd\u00e1is la retransmisi\u00f3n en directo por<strong> tucomarca televisi\u00f3n<\/strong> de  la sesi\u00f3n plenaria ordinaria del Ayuntamiento de Bu\u00f1ol en la que  se va a abordar, entre otros puntos, la aprobaci\u00f3n de una propuesta para aparcar en los vados los propios propietarios; as\u00ed como otra sobre las casas de monte.<\/p>\n<p>Ser\u00e1 aqu\u00ed mismo, en tucomarca televisi\u00f3n, a partir de las 18,00 horas de hoy lunes, 25 de junio de 2012.<\/p>\n","protected":false},"excerpt":{"rendered":"<div class=\"mh-excerpt\">&nbsp; No os perd\u00e1is la retransmisi\u00f3n en directo por tucomarca televisi\u00f3n de la sesi\u00f3n plenaria ordinaria del Ayuntamiento de Bu\u00f1ol en la que se va a abordar, entre otros puntos, la aprobaci\u00f3n de una propuesta <a class=\"mh-excerpt-more\" href=\"https:\/\/www.tucomarca.com\/wordpress\/segunda\/retransmision-en-directo-del-pleno-del-ayuntamiento-de-bunol-hoy-lunes-a-partir-de-las-1800-horas-por-tucomarca-television\/\" title=\"Retransmisi\u00f3n en directo del pleno del Ayuntamiento de Bu\u00f1ol, hoy lunes a partir de las 18,00 horas, por tucomarca televisi\u00f3n\">[+] <\/a><\/div>\n","protected":false},"author":1,"featured_media":0,"comment_status":"open","ping_status":"open","sticky":false,"template":"","format":"standard","meta":{"footnotes":""},"categories":[18,8,10,142,3],"tags":[],"class_list":{"0":"post-4091","1":"post","2":"type-post","3":"status-publish","4":"format-standard","6":"category-bunol","7":"category-la-comarca","8":"category-la-hoya","9":"category-politica-la-comarca","10":"category-seccion"},"_links":{"self":[{"href":"https:\/\/www.tucomarca.com\/wordpress\/segunda\/wp-json\/wp\/v2\/posts\/4091","targetHints":{"allow":["GET"]}}],"collection":[{"href":"https:\/\/www.tucomarca.com\/wordpress\/segunda\/wp-json\/wp\/v2\/posts"}],"about":[{"href":"https:\/\/www.tucomarca.com\/wordpress\/segunda\/wp-json\/wp\/v2\/types\/post"}],"author":[{"embeddable":true,"href":"https:\/\/www.tucomarca.com\/wordpress\/segunda\/wp-json\/wp\/v2\/users\/1"}],"replies":[{"embeddable":true,"href":"https:\/\/www.tucomarca.com\/wordpress\/segunda\/wp-json\/wp\/v2\/comments?post=4091"}],"version-history":[{"count":0,"href":"https:\/\/www.tucomarca.com\/wordpress\/segunda\/wp-json\/wp\/v2\/posts\/4091\/revisions"}],"wp:attachment":[{"href":"https:\/\/www.tucomarca.com\/wordpress\/segunda\/wp-json\/wp\/v2\/media?parent=4091"}],"wp:term":[{"taxonomy":"category","embeddable":true,"href":"https:\/\/www.tucomarca.com\/wordpress\/segunda\/wp-json\/wp\/v2\/categories?post=4091"},{"taxonomy":"post_tag","embeddable":true,"href":"https:\/\/www.tucomarca.com\/wordpress\/segunda\/wp-json\/wp\/v2\/tags?post=4091"}],"curies":[{"name":"wp","href":"https:\/\/api.w.org\/{rel}","templated":true}]}}