{"id":4094,"date":"2012-06-25T18:27:43","date_gmt":"2012-06-25T16:27:43","guid":{"rendered":"http:\/\/www.tucomarca.com\/wordpress\/segunda\/?p=4094"},"modified":"2012-06-25T18:27:43","modified_gmt":"2012-06-25T16:27:43","slug":"el-pp-critica-que-los-vecinos-%c2%abpagaran-un-238-mas-de-contribucion-tras-la-aprobacion-del-presupuesto-del-gobierno-psoe-eu-de-leliana%c2%bb","status":"publish","type":"post","link":"https:\/\/www.tucomarca.com\/wordpress\/segunda\/el-pp-critica-que-los-vecinos-%c2%abpagaran-un-238-mas-de-contribucion-tras-la-aprobacion-del-presupuesto-del-gobierno-psoe-eu-de-leliana%c2%bb\/","title":{"rendered":"El PP critica que los vecinos \u00abpagar\u00e1n un 23,8% m\u00e1s de contribuci\u00f3n tras la aprobaci\u00f3n del Presupuesto del gobierno (PSOE-EU) de L&#8217;Eliana\u00bb"},"content":{"rendered":"<p>En el pleno extraordinario celebrado este lunes en el Ayuntamiento de L\u2019Eliana se ha aprobado el Presupuesto municipal para el ejercicio 2012 con los votos a favor de la coalici\u00f3n PSOE-EU y con el voto en contra del Partido Popular, tal como han informado fuentes de esta \u00faltima formaci\u00f3n.<\/p>\n<p>Desde el PP de la localidad han criticado que se recoja \u00abun aumento de ingresos por IBI de 1.191.000 \u20ac que se reflejar\u00e1 en que los vecinos de L\u2019Eliana pagar\u00e1n este a\u00f1o un 23\u20198% de media de m\u00e1s de contribuci\u00f3n que el a\u00f1o anterior. En concreto, PSOE y EU, han eliminado la bonificaci\u00f3n que aplicaron el a\u00f1o pasado, a\u00f1o electoral, con lo que se hace efectiva la revisi\u00f3n catastral que supone un aumento medio de casi el 24% en la cantidad a pagar este a\u00f1o\u00bb.<\/p>\n<p>Durante el pleno, el concejal responsable de Hacienda del grupo Popular, Jos\u00e9 Moreno, ha afirmado que \u201ccon esta subida de la recaudaci\u00f3n por contribuci\u00f3n de 1.191.000 \u20ac, ya tienen pr\u00e1cticamente cubierto el presupuesto. \u00a1\u00a1Que f\u00e1cil!! En cuanto a los gastos ustedes reducen apenas 96.000 \u20ac \u00bfPara qu\u00e9 reducir gastos si se pueden subir los impuestos? Reducir gastos supone un esfuerzo intelectual y de organizaci\u00f3n: hacer, no digo m\u00e1s, simplemente lo mismo con menos. Subir la contribuci\u00f3n es f\u00e1cil. Si quieren m\u00e1s Presupuesto de ingresos, se sube m\u00e1s la contribuci\u00f3n. Si quieren aun m\u00e1s, pues se sube aun m\u00e1s. Reducir gastos implica pensar\u201d.<\/p>\n<p>A este aumento hay que a\u00f1adir, seg\u00fan han comentado desde el grupo Popular \u00ablos ya aprobados aumentos de los precios p\u00fablicos de Cultura o Deportes, el irremediable aumento del recibo de agua potable cuando se ponga en marcha la planta desnitrificadora o el, en opini\u00f3n del PP, ilegal cobro de la tasa de basura: ya que el coste del servicio de recogida de residuos y verde es de 937.183 \u20ac, mientras que la cantidad que pagan los vecinos es de 1.177.953 \u20ac\u00bb, seg\u00fan fuentes del Partido Popular.<\/p>\n<p>Igualmente, Jos\u00e9 Moreno ha asegurado que la \u00abmala gesti\u00f3n de los \u00faltimos a\u00f1os o las obligaciones contra\u00eddas a largo plazo por ejemplo con la piscina cubierta, hacen que a pesar de estos elevados aumentos en los tributos, la inversi\u00f3n por habitante con fondos p\u00fablicos municipales se va a reducir a \u00fanicamente 3,61 \u20ac para este ejercicio\u00bb. As\u00ed que, seg\u00fan Moreno, \u00ablos ciudadanos vamos a pagar mucho m\u00e1s que nunca, pero vamos a recibir menos servicios, ya que cabe recordar que por ejemplo se han llevado a cabo recortes en la frecuencia de recogida de basuras y en la limpieza de contenedores en las urbanizaciones o apagones del alumbrado p\u00fablico tambi\u00e9n en las urbanizaciones\u00bb.<\/p>\n<p>Por \u00faltimo, el portavoz del grupo Popular, Sergio Montaner,\u00a0 destac\u00f3 que \u00aba pesar del aumento de la contribuci\u00f3n del 23\u20198% que permitir\u00e1 recaudarnos a todos los vecinos 1.200.000 \u20ac adicionales, inspira poca credibilidad que las cifras ofrezcan super\u00e1vit, es decir, que vamos a ingresar m\u00e1s que a gastar, cuando en los \u00faltimos 5 a\u00f1os se han reconocido facturas gastadas sin haber consignaci\u00f3n presupuestaria para ello, por un total de 4.500.000 euros. Nuestros vecinos se merecen un mejor aprovechamiento de los recursos y de los servicios municipales y no solo pagar la mala gesti\u00f3n de la coalici\u00f3n municipal PSOE-EU\u00bb.<\/p>\n","protected":false},"excerpt":{"rendered":"<div class=\"mh-excerpt\">En el pleno extraordinario celebrado este lunes en el Ayuntamiento de L\u2019Eliana se ha aprobado el Presupuesto municipal para el ejercicio 2012 con los votos a favor de la coalici\u00f3n PSOE-EU y con el voto <a class=\"mh-excerpt-more\" href=\"https:\/\/www.tucomarca.com\/wordpress\/segunda\/el-pp-critica-que-los-vecinos-%c2%abpagaran-un-238-mas-de-contribucion-tras-la-aprobacion-del-presupuesto-del-gobierno-psoe-eu-de-leliana%c2%bb\/\" title=\"El PP critica que los vecinos \u00abpagar\u00e1n un 23,8% m\u00e1s de contribuci\u00f3n tras la aprobaci\u00f3n del Presupuesto del gobierno (PSOE-EU) de L&#8217;Eliana\u00bb\">[+] <\/a><\/div>\n","protected":false},"author":1,"featured_media":0,"comment_status":"open","ping_status":"open","sticky":false,"template":"","format":"standard","meta":{"footnotes":""},"categories":[46,177,8,142,3],"tags":[],"class_list":{"0":"post-4094","1":"post","2":"type-post","3":"status-publish","4":"format-standard","6":"category-camp-de-turia","7":"category-leliana","8":"category-la-comarca","9":"category-politica-la-comarca","10":"category-seccion"},"_links":{"self":[{"href":"https:\/\/www.tucomarca.com\/wordpress\/segunda\/wp-json\/wp\/v2\/posts\/4094","targetHints":{"allow":["GET"]}}],"collection":[{"href":"https:\/\/www.tucomarca.com\/wordpress\/segunda\/wp-json\/wp\/v2\/posts"}],"about":[{"href":"https:\/\/www.tucomarca.com\/wordpress\/segunda\/wp-json\/wp\/v2\/types\/post"}],"author":[{"embeddable":true,"href":"https:\/\/www.tucomarca.com\/wordpress\/segunda\/wp-json\/wp\/v2\/users\/1"}],"replies":[{"embeddable":true,"href":"https:\/\/www.tucomarca.com\/wordpress\/segunda\/wp-json\/wp\/v2\/comments?post=4094"}],"version-history":[{"count":0,"href":"https:\/\/www.tucomarca.com\/wordpress\/segunda\/wp-json\/wp\/v2\/posts\/4094\/revisions"}],"wp:attachment":[{"href":"https:\/\/www.tucomarca.com\/wordpress\/segunda\/wp-json\/wp\/v2\/media?parent=4094"}],"wp:term":[{"taxonomy":"category","embeddable":true,"href":"https:\/\/www.tucomarca.com\/wordpress\/segunda\/wp-json\/wp\/v2\/categories?post=4094"},{"taxonomy":"post_tag","embeddable":true,"href":"https:\/\/www.tucomarca.com\/wordpress\/segunda\/wp-json\/wp\/v2\/tags?post=4094"}],"curies":[{"name":"wp","href":"https:\/\/api.w.org\/{rel}","templated":true}]}}