{"id":41023,"date":"2015-10-22T19:04:38","date_gmt":"2015-10-22T16:04:38","guid":{"rendered":"http:\/\/www.tucomarca.com\/wordpress\/segunda\/?p=41023"},"modified":"2015-10-22T19:04:38","modified_gmt":"2015-10-22T16:04:38","slug":"jornada-sobre-los-retos-del-cooperativismo-agroalimentario-valenciano","status":"publish","type":"post","link":"https:\/\/www.tucomarca.com\/wordpress\/segunda\/jornada-sobre-los-retos-del-cooperativismo-agroalimentario-valenciano\/","title":{"rendered":"Jornada sobre los Retos del cooperativismo agroalimentario valenciano"},"content":{"rendered":"<p>Cooperatives Agro-aliment\u00e0ries de la Comunitat Valenciana ha organizado en la ma\u00f1ana de hoy una jornada sobre \u201cRetos del cooperativismo agroalimentario valenciano\u201d en el Centro de Negocios de Alicante. En torno a 75 representantes del sector cooperativo valenciano y de entidades vinculadas con el mismo han asistido a la jornada, que ha abordado cuestiones como la inversi\u00f3n en I+D+i y las v\u00edas para financiarla, el desarrollo de estrategias comerciales para la mejora de la competitividad y la pol\u00edtica agraria de la Comunitat Valenciana.<\/p>\n<p>La jornada ha sido inaugurada por Jos\u00e9 Pastor, vocal del consejo rector de Cooperatives Agro-aliment\u00e0ries de la Comunitat Valenciana y por Carme Catal\u00e1, directora territorial de Agricultura en Alicante, quien ha destacado que \u201clas iniciativas de Cooperatives Agro-aliment\u00e0ries de la Comunitat Valenciana contar\u00e1n con pleno apoyo de la Conselleria en la provincia de Alicante\u201d.<\/p>\n<p>La primera de las intervenciones de la jornada ha corrido a cargo de Carlos Ignacio Franco, de la Direcci\u00f3n de Promoci\u00f3n y Cooperaci\u00f3n del Centro Tecnol\u00f3gico para el Desarrollo Industrial (CDTI), que ha abordado las l\u00edneas de actuaci\u00f3n de esta entidad p\u00fablica empresarial, los programas de ayudas y subvenciones que gestiona y la forma en la que se pueden acoger las cooperativas valencianas para el desarrollo de sus proyectos de I+D+i.<\/p>\n<p>Jos\u00e9 Agust\u00edn Mart\u00ednez, profesor de estrategia y comercializaci\u00f3n en la Escuela de Negocios ESIC y director general de la cooperativa Bodega Vinos de la Vi\u00f1a (La Font de la Figuera), ha sido el siguiente ponente la jornada. Su intervenci\u00f3n se ha centrado en el desarrollo de estrategias comerciales enfocadas a la mejora de la competitividad. As\u00ed,  Mart\u00ednez ha desgranado algunas de las claves de las estrategias desarrolladas por las empresas del sector agroalimentario, a trav\u00e9s de aspectos como sus relaciones con la distribuci\u00f3n, la configuraci\u00f3n de los mercados, los factores de diferenciaci\u00f3n, la segmentaci\u00f3n y la especializaci\u00f3n o los liderazgos (en costes, en valoraci\u00f3n de los consumidores, en un segmento determinado).<\/p>\n<p>Por \u00faltimo, Francisco Rodr\u00edguez Mulero, secretario auton\u00f3mico de Agricultura y Desarrollo Rural, ha abordado en su intervenci\u00f3n la pol\u00edtica agraria que desarrollar\u00e1 el nuevo gobierno valenciano. En primer lugar, Rodr\u00edguez Mulero ha destacado que el sector agroalimentario es \u201cun sector estrat\u00e9gico, ya que es el primer sector exportador de la Comunitat y el segundo sector en cuanto a generaci\u00f3n de empleo y aportaci\u00f3n al PIB valenciano\u201d, que se debe recuperar \u201cpara el presente y el futuro de los valencianos\u201d. El secretario auton\u00f3mico ha reclamado tambi\u00e9n la necesidad de \u201cremunerar adecuadamente a los productores, porque sin productores no hay producto y sin producto, ni comercio ni mercado\u201d. A continuaci\u00f3n, ha desgranado los grandes ejes de la acci\u00f3n del nuevo Consell en materia de pol\u00edtica agraria: la ordenaci\u00f3n del territorio y la modernizaci\u00f3n de las estructuras agrarias; la ordenaci\u00f3n de la cadena agroalimentaria; la consecuci\u00f3n de una adecuada consideraci\u00f3n de los productos mediterr\u00e1neos en la PAC; la dinamizaci\u00f3n de la actividad pesquera y la estrategia valenciana de innovaci\u00f3n agroalimentaria. Por \u00faltimo, Rodr\u00edguez Mulero ha indicado que es necesario \u201cabrir el sector, y que todos nos creamos que tiene futuro\u201d y que desde la Conselleria se quiere impulsar \u201cun plan para el cooperativismo agroalimentario, para adelantarnos a lo que ser\u00e1 necesario dentro de 20 a\u00f1os\u201d.<\/p>\n<p>Cirilo Arnandis, presidente de Cooperatives Agro-aliment\u00e0ries de la Comunitat Valenciana, ha destacado durante su intervenci\u00f3n en el acto de clausura de la jornada que la cooperativas valencianas deben tener \u201cuna clara vocaci\u00f3n empresarial, buscando la integraci\u00f3n en aquello que individualmente no es rentable y la internacionalizaci\u00f3n de nuestros productos para llegar a un mayor n\u00famero de consumidores\u201d, y ha destacado la importancia para el presente y para el futuro del cooperativismo agroalimentario valenciano de la diversificaci\u00f3n de actividades, productos y servicios, la generaci\u00f3n de valor a\u00f1adido, la inversi\u00f3n en I+D+i o la incorporaci\u00f3n de mujeres y j\u00f3venes al sector, entre otros aspectos. Sobre este \u00faltimo, ha incidido en que \u201cel campo debe ser atractivo para los j\u00f3venes, que tienen que encontrar en la actividad agr\u00edcola una ocupaci\u00f3n rentable que les garantice un futuro profesional. Nadie va a querer dedicarse en el futuro a la agricultura si no somos capaces de conseguir una adecuada rentabilidad para nuestros productores\u201d.<\/p>\n","protected":false},"excerpt":{"rendered":"<div class=\"mh-excerpt\">Cooperatives Agro-aliment\u00e0ries de la Comunitat Valenciana ha organizado en la ma\u00f1ana de hoy una jornada sobre \u201cRetos del cooperativismo agroalimentario valenciano\u201d en el Centro de Negocios de Alicante. En torno a 75 representantes del sector <a class=\"mh-excerpt-more\" href=\"https:\/\/www.tucomarca.com\/wordpress\/segunda\/jornada-sobre-los-retos-del-cooperativismo-agroalimentario-valenciano\/\" title=\"Jornada sobre los Retos del cooperativismo agroalimentario valenciano\">[+] <\/a><\/div>\n","protected":false},"author":2,"featured_media":0,"comment_status":"open","ping_status":"open","sticky":false,"template":"","format":"standard","meta":{"footnotes":""},"categories":[169,8,72,3],"tags":[],"class_list":{"0":"post-41023","1":"post","2":"type-post","3":"status-publish","4":"format-standard","6":"category-agricultura-la-comarca","7":"category-la-comarca","8":"category-sin-categorizar","9":"category-seccion"},"_links":{"self":[{"href":"https:\/\/www.tucomarca.com\/wordpress\/segunda\/wp-json\/wp\/v2\/posts\/41023","targetHints":{"allow":["GET"]}}],"collection":[{"href":"https:\/\/www.tucomarca.com\/wordpress\/segunda\/wp-json\/wp\/v2\/posts"}],"about":[{"href":"https:\/\/www.tucomarca.com\/wordpress\/segunda\/wp-json\/wp\/v2\/types\/post"}],"author":[{"embeddable":true,"href":"https:\/\/www.tucomarca.com\/wordpress\/segunda\/wp-json\/wp\/v2\/users\/2"}],"replies":[{"embeddable":true,"href":"https:\/\/www.tucomarca.com\/wordpress\/segunda\/wp-json\/wp\/v2\/comments?post=41023"}],"version-history":[{"count":0,"href":"https:\/\/www.tucomarca.com\/wordpress\/segunda\/wp-json\/wp\/v2\/posts\/41023\/revisions"}],"wp:attachment":[{"href":"https:\/\/www.tucomarca.com\/wordpress\/segunda\/wp-json\/wp\/v2\/media?parent=41023"}],"wp:term":[{"taxonomy":"category","embeddable":true,"href":"https:\/\/www.tucomarca.com\/wordpress\/segunda\/wp-json\/wp\/v2\/categories?post=41023"},{"taxonomy":"post_tag","embeddable":true,"href":"https:\/\/www.tucomarca.com\/wordpress\/segunda\/wp-json\/wp\/v2\/tags?post=41023"}],"curies":[{"name":"wp","href":"https:\/\/api.w.org\/{rel}","templated":true}]}}