{"id":41026,"date":"2015-10-22T19:06:18","date_gmt":"2015-10-22T16:06:18","guid":{"rendered":"http:\/\/www.tucomarca.com\/wordpress\/segunda\/?p=41026"},"modified":"2015-10-22T19:06:18","modified_gmt":"2015-10-22T16:06:18","slug":"camara-valencia-organiza-el-foro-animat-a-emprendre-en-requena","status":"publish","type":"post","link":"https:\/\/www.tucomarca.com\/wordpress\/segunda\/camara-valencia-organiza-el-foro-animat-a-emprendre-en-requena\/","title":{"rendered":"C\u00e1mara Valencia organiza el foro Anima&#8217;t a Emprendre en Requena"},"content":{"rendered":"<p> Los alcaldes de Requena y Utiel, Mario S\u00e1nchez y Fernando Benlliure,  el presidente de C\u00e1mara Valencia, Jos\u00e9 Vicente Morata; el director general de Econom\u00eda, Emprendimiento y Cooperativismo de la Generalitat Valenciana, Francisco \u00c1lvarez y la responsable de Econom\u00eda Social de la Direcci\u00f3n Territorial de Cajamar, Trinidad Herrero han participado hoy en Requena en una mesa redonda sobre el futuro de la comarca de Requena-Utiel  dentro del foro de emprendimiento Anima&#8217;t a Emprendre. Este foro, al que han asistido m\u00e1s de un centenar de emprendedores y empresas, est\u00e1 organizado por C\u00e1mara Valencia y la Fundaci\u00f3n Incyde y confinanciado por Fondos Feder, con el objetivo de fomentar la cultura emprendedora en la localidad, as\u00ed como dar a conocer todas las oportunidades que ofrece esta comarca para los emprendedores.<\/p>\n<p>En su intervenci\u00f3n, Jos\u00e9 Vicente Morata, presidente de C\u00e1mara Valencia ha se\u00f1alado que desde su entidad se est\u00e1 trabajando en dos l\u00edneas: \u201cayudar a las personas a trav\u00e9s de foros de empleo y tambi\u00e9n, como siempre, ayudando a las empresas\u201d. Para Morata, son necesarias en la comarca \u201cempresas que innoven y exporten\u201d por lo que C\u00e1mara Valencia va a estar colaborando permanentemente con su asesoramiento. El presidente de C\u00e1mara Valencia ha destacado que la C\u00e1mara \u201ctiene que ayudar al emprendedor en aquello que m\u00e1s le cuesta y que no es parte directa de su negocio\u201d.<\/p>\n<p>Adem\u00e1s, ha se\u00f1alado que pese a la importancia del vino, detr\u00e1s de este sector hay mucho m\u00e1s, como el conjunto de la econom\u00eda agroalimentaria, el turismo, la industria y el patrimonio cultural.<\/p>\n<p>Por su parte, Fernando Benlliure, alcalde de Utiel y presidente de la Diputaci\u00f3n de Valencia, ha agradecido a la C\u00e1mara de Comercio la organizaci\u00f3n de la jornada y ha destacado la colaboraci\u00f3n con el Ayuntamiento de Requena y la puesta en marcha de medidas en fomento del empleo \u201cteniendo presentes las limitaciones de una administraci\u00f3n local en este \u00e1mbito\u201d. Para ello ha esbozado iniciativas como \u201cla creaci\u00f3n o el apoyo a la creaci\u00f3n de cooperativas fundamentalmente de trabqjo asociado\u201d. Para Benlliure, \u201cel modelo copperativo es viable y muy interesante en la presetaci\u00f3n de servicios municipales\u201d.<\/p>\n<p>El alcalde de Requena, Mario S\u00e1nchez, ha destacado el trabajo de asesoramiento de la c\u00e1mara en la comarca en cuestiones como la elaboraci\u00f3n de planes de empresas, el seguimiento de los proyectos de emprendedores y el funcionamiento del vivero. Adem\u00e1s, ha coincidido con su hom\u00f3logo de Utiel en la potencialidad del tejido cooperativo y en la importancia de un pacto local para el empleo.<\/p>\n<p>El programa de la jornada est\u00e1 dise\u00f1ado para que el emprendedor conozca los retos y oportunidades que ofrece la comarca, sus posibilidades de emprendimiento e innovaci\u00f3n y las estrategias y acciones necesarias para el desarrollo de la comerca de Requena-Utiel. La jornada se ha completado con ponencias sobre marca personal y una exposici\u00f3n de casos de \u00e9xito de empresas de la comarca, entre ellas Cerveses La Socarrada, Biomival, la Font del Saladra, MLS Elebe 1992, la Autoescola El Punt, La Gastrocasao Serapia.<\/p>\n","protected":false},"excerpt":{"rendered":"<div class=\"mh-excerpt\">Los alcaldes de Requena y Utiel, Mario S\u00e1nchez y Fernando Benlliure, el presidente de C\u00e1mara Valencia, Jos\u00e9 Vicente Morata; el director general de Econom\u00eda, Emprendimiento y Cooperativismo de la Generalitat Valenciana, Francisco \u00c1lvarez y la <a class=\"mh-excerpt-more\" href=\"https:\/\/www.tucomarca.com\/wordpress\/segunda\/camara-valencia-organiza-el-foro-animat-a-emprendre-en-requena\/\" title=\"C\u00e1mara Valencia organiza el foro Anima&#8217;t a Emprendre en Requena\">[+] <\/a><\/div>\n","protected":false},"author":2,"featured_media":0,"comment_status":"open","ping_status":"open","sticky":false,"template":"","format":"standard","meta":{"footnotes":""},"categories":[8,27,3],"tags":[9124,8262,10388],"class_list":{"0":"post-41026","1":"post","2":"type-post","3":"status-publish","4":"format-standard","6":"category-la-comarca","7":"category-requena-utiel","8":"category-seccion","9":"tag-animat-a-emprendre","10":"tag-camara-comercio","11":"tag-requena"},"_links":{"self":[{"href":"https:\/\/www.tucomarca.com\/wordpress\/segunda\/wp-json\/wp\/v2\/posts\/41026","targetHints":{"allow":["GET"]}}],"collection":[{"href":"https:\/\/www.tucomarca.com\/wordpress\/segunda\/wp-json\/wp\/v2\/posts"}],"about":[{"href":"https:\/\/www.tucomarca.com\/wordpress\/segunda\/wp-json\/wp\/v2\/types\/post"}],"author":[{"embeddable":true,"href":"https:\/\/www.tucomarca.com\/wordpress\/segunda\/wp-json\/wp\/v2\/users\/2"}],"replies":[{"embeddable":true,"href":"https:\/\/www.tucomarca.com\/wordpress\/segunda\/wp-json\/wp\/v2\/comments?post=41026"}],"version-history":[{"count":0,"href":"https:\/\/www.tucomarca.com\/wordpress\/segunda\/wp-json\/wp\/v2\/posts\/41026\/revisions"}],"wp:attachment":[{"href":"https:\/\/www.tucomarca.com\/wordpress\/segunda\/wp-json\/wp\/v2\/media?parent=41026"}],"wp:term":[{"taxonomy":"category","embeddable":true,"href":"https:\/\/www.tucomarca.com\/wordpress\/segunda\/wp-json\/wp\/v2\/categories?post=41026"},{"taxonomy":"post_tag","embeddable":true,"href":"https:\/\/www.tucomarca.com\/wordpress\/segunda\/wp-json\/wp\/v2\/tags?post=41026"}],"curies":[{"name":"wp","href":"https:\/\/api.w.org\/{rel}","templated":true}]}}