{"id":41029,"date":"2015-10-23T14:28:17","date_gmt":"2015-10-23T11:28:17","guid":{"rendered":"http:\/\/www.tucomarca.com\/wordpress\/segunda\/?p=41029"},"modified":"2015-10-23T14:28:22","modified_gmt":"2015-10-23T11:28:22","slug":"jorge-rodriguez-en-cien-dias-hemos-conseguido-que-los-valencianos-dejen-de-avergonzarse-de-la-diputacion","status":"publish","type":"post","link":"https:\/\/www.tucomarca.com\/wordpress\/segunda\/jorge-rodriguez-en-cien-dias-hemos-conseguido-que-los-valencianos-dejen-de-avergonzarse-de-la-diputacion\/","title":{"rendered":"Jorge Rodr\u00edguez: \u00abEn cien d\u00edas hemos conseguido que los valencianos dejen de avergonzarse de la Diputaci\u00f3n\u00bb"},"content":{"rendered":"<p><figure id=\"attachment_41030\" aria-describedby=\"caption-attachment-41030\" style=\"width: 300px\" class=\"wp-caption alignleft\"><a href=\"https:\/\/www.tucomarca.com\/wordpress\/segunda\/2015\/10\/jorge-rodriguez-en-cien-dias-hemos-conseguido-que-los-valencianos-dejen-de-avergonzarse-de-la-diputacion\/dipu-11\/\" rel=\"attachment wp-att-41030\"><img loading=\"lazy\" decoding=\"async\" src=\"https:\/\/www.tucomarca.com\/wordpress\/segunda\/wp-content\/uploads\/2015\/10\/dipu-e1445599657969-300x170.jpg\" alt=\"\" title=\"dipu\" width=\"300\" height=\"170\" class=\"size-medium wp-image-41030\" srcset=\"https:\/\/www.tucomarca.com\/wordpress\/segunda\/wp-content\/uploads\/2015\/10\/dipu-e1445599657969-300x170.jpg 300w, https:\/\/www.tucomarca.com\/wordpress\/segunda\/wp-content\/uploads\/2015\/10\/dipu-e1445599657969-1024x581.jpg 1024w\" sizes=\"auto, (max-width: 300px) 100vw, 300px\" \/><\/a><figcaption id=\"caption-attachment-41030\" class=\"wp-caption-text\">Presidente y vicepresidenta de la Diputaci\u00f3n. tc.c<\/figcaption><\/figure>El presidente de la Diputaci\u00f3n de Valencia, Jorge Rodr\u00edguez, y la vicepresidenta del citado ente provincial, Mar\u00eda Josep Amig\u00f3, hicieron ayer un balance ante los medios de comunicaci\u00f3n de los primeros cien d\u00edas de gobierno en la nueva Diputaci\u00f3n en el que valoraron tanto la acci\u00f3n pol\u00edtica y los cambios de estrategia como la mejora de la reputaci\u00f3n de la corporaci\u00f3n. Tanto el presidente como la vicepresidenta coincidieron en se\u00f1alar el cambio experimentado en la gesti\u00f3n, en la percepci\u00f3n de la sociedad y en las nuevas formas de gobernar sobre tres ejes estrat\u00e9gicos: autonom\u00eda municipal, cooperaci\u00f3n institucional y transparencia.<\/p>\n<p>El presidente Jorge Rodr\u00edguez expres\u00f3 su satisfacci\u00f3n al afirmar que \u201ccien d\u00edas dan para mucho, mucho trabajo, queda mucho por hacer en cien d\u00edas, pero s\u00ed que pens\u00e1bamos que era imprescindible imprimir este nuevo car\u00e1cter en la Diputaci\u00f3n, una Diputaci\u00f3n que ha de ser digna y que no pueda volver a avergonzar a los valencianos, que ha de servir a los ciudadanos y que est\u00e9 a la altura de lo que los ciudadanos esperan. Por eso estoy convencido de que en cien d\u00edas hemos conseguido que los valencianos dejen de avergonzarse de la Diputaci\u00f3n\u201d<\/p>\n<p>Por su parte, la vicepresidenta Amig\u00f3, valor\u00f3 que \u00abesto no es m\u00e1s que el comienzo pero sabemos que hay mucha faena por delante. No hemos venido aqu\u00ed a hacer nada m\u00e1s que un cambio de caras, ni a cambiar un color por otro\u00bb<\/p>\n<p>J. Rodr\u00edguez: \u201cLa nueva Diputaci\u00f3n ya ha marcado su estilo\u201d<\/p>\n<p>El presidente Jorge Rodr\u00edguez ha declarado que \u201cnunca pensaba que en tan poco tiempo y con tantos obst\u00e1culos pod\u00edamos traer este nuevo aire que ya caracteriza a la nueva Diputaci\u00f3n, no s\u00f3lo con buenos objetivos sino con hechos\u201d.  \u201cPor descontado que queda mucho por hacer, pero el Gobierno de la nueva Diputaci\u00f3n ya ha marcado su estilo y sus pol\u00edticas, basadas en los grandes ejes de la autonom\u00eda municipal, la colaboraci\u00f3n institucional y la transparencia. Hasta el Partido Popular ya ha pedido ser de la nueva Diputaci\u00f3n. Ser\u00e1 que de la vieja no deben sentirse demasiado orgullosos\u201d.<\/p>\n<p>El tambi\u00e9n alcalde de Ontinyent se ha referido al hecho de que centenares de representantes de colectivos han sido escuchados por los diferentes responsables de la corporaci\u00f3n que \u201chan abierto las puertas a los que injustamente las han tenido cerrados durante demasiados a\u00f1os\u201d.   <\/p>\n<p>Rodr\u00edguez destac\u00f3 que la Diputaci\u00f3n ha dejado de ser una instituci\u00f3n unidireccional al escuchar a los municipios, como lo prueba el hecho de que para el Plan de Inversiones Financieramente Sostenibles los ayuntamientos hayan presentado casi 1.500 proyectos, que responden a las necesidades de sus vecinos y ha precisado que habr\u00e1 \u201cmenos planes pero mejor dotados econ\u00f3micamente y a partir de la autonom\u00eda municipal\u201d.<\/p>\n<p>En definitiva y gr\u00e1ficamente el presidente expres\u00f3 que la nueva Diputaci\u00f3n va a gestionar al lado de los ayuntamientos, con iniciativas como el futuro cat\u00e1logo de servicios o la posibilidad de encontrar una soluci\u00f3n mancomunada como pueda ser una polic\u00eda comarcal.<\/p>\n<p>Jorge Rodr\u00edguez incidi\u00f3 en el esp\u00edritu de la colaboraci\u00f3n institucional del gobierno que preside que ha hecho que la Diputaci\u00f3n participe notablemente en el programa Xarxa Llibres o en otro tipo de iniciativas de cara al futuro.<\/p>\n<p>Nuevo Servicio de Transparencia e Igualdad<\/p>\n<p>Fij\u00f3 como otra meta conseguida el nuevo Servicio de Transparencia y Buen Gobierno que ha impulsado el diputado Roberto Jaramillo \u201c no s\u00f3lo para cumplir la ley sino para ayudar tambi\u00e9n a los municipios a cumplirla\u201d, algo que \u201cnadie puede entender como un gasto sino como una inversi\u00f3n en cualidad democr\u00e1tica. Tal vez si \u2013 a\u00f1adi\u00f3- antes se hubiera invertido en transparencia nos hubi\u00e9ramos ahorrado muchas de las verg\u00fcenzas que nos han hecho pasar los que ahora nos critican por abrir ventanas\u201d.<\/p>\n<p>El presidente de la Diputaci\u00f3n anot\u00f3 aspectos de la gesti\u00f3n diferenciadores como el trabajo por la verdadera igualdad al poner en marcha un plan estrat\u00e9gico contra la violencia de g\u00e9nero, un problema olvidado hasta ahora hasta el punto de que por primera vez hans dio recibidas las asociaciones de mujeres para escuchar sus propuestas, algo que calificaron de \u201chist\u00f3rico\u201d.<\/p>\n<p>As\u00ed mismo no se olvid\u00f3 de la preocupaci\u00f3n del empleo y de que una de las principales inversiones de la corporaci\u00f3n se destinan a la mejora y seguridad de las carreteras.<\/p>\n<p>El presidente acab\u00f3 su resumen se\u00f1alando que \u201chemos hecho desaparecer los caprichos, el clientelismo y el est\u00e1s conmigo o contra mi\u201d.<\/p>\n<p>Amig\u00f3: \u201cEsto es s\u00f3lo el principio\u201d<\/p>\n<p>La vicepresidenta Mar\u00eda Josep Amig\u00f3 valor\u00f3, por su parte, que \u201clo primero que hemos hecho ha sido escuchar. Escuchar a nuestra gente, a nuestros concejales y concejal\u00edas, alcaldes y alcaldesas, a las asociaciones, a los sindicatos, a la sociedad civil. Comenzar dando la cara en lugar de dar la espalda\u201d, para despu\u00e9s relatar brevemente un repaso de la gesti\u00f3n de algunas \u00e1reas de gobierno.<\/p>\n<p>En cuanto a la cooperaci\u00f3n municipal destac\u00f3 no s\u00f3lo el Plan de Inversiones sostenibles sino que anunci\u00f3 que la nueva Diputaci\u00f3n har\u00e1 planes de obras y servicios de manera que \u201ccada municipio se pueda organizar los recursos y que tengan la suficiente libertad para poder decidir d\u00f3nde ir\u00e1n las inversiones, d\u00f3nde son m\u00e1s necesarias\u201d, priorizando determinados criterios como la eficiencia energ\u00e9tica, la igualdad o los proyectos mancomunados, y buscando tambi\u00e9n la potenciaci\u00f3n de las mancomunidades.<\/p>\n<p>Amig\u00f3 dibuj\u00f3 el perfil de la nueva Diputaci\u00f3n al se\u00f1alar que \u201cla racionalizaci\u00f3n, la objetividad, la transparencia y la autonom\u00eda local son, por tanto, marca de la casa\u201d.<\/p>\n<p>En cuanto al \u00e1rea de Medio Ambiente resalt\u00f3 que el diputado, Josep Bort, se ha recorrido todos los parques de bomberos y \u201chemos comprobado el irregular estado de estas infraestructuras. Desde aqu\u00ed avanzamos que haremos un esfuerzo econ\u00f3mico extra en el presupuesto del a\u00f1o que viene para mejorarlas\u201d.<\/p>\n<p>Amig\u00f3 se refiri\u00f3 tambi\u00e9n a que la Diputaci\u00f3n ejercer\u00e1 de coordinadora del Pacto de alcaldes, algo que \u201cpermitir\u00e1 actuar como estructura superior para facilitar la adhesi\u00f3n de los municipios valencianos y coordinar la lucha local contra el cambio clim\u00e1tico\u201d.<\/p>\n<p>Cambios en Cultura<\/p>\n<p>La vicepresidenta mostr\u00f3 el cambio efectuado en las direcciones de los museos dependientes de la Diputaci\u00f3n como una buena pol\u00edtica de aprovechar los recursos humanos de la administraci\u00f3n o los constantes contactos con representantes del sector cultura valenciano. Amig\u00f3 inform\u00f3 a la prensa que Cultura, en las reuniones que ha mantenido con los diferentes centros de estudios comarcales, se ha comprometido a \u201cpotenciarlos como una herramienta para el estudio, la puesta en marcha de proyectos comarcales y la difusi\u00f3n de nuestra cultura\u201d.<\/p>\n<p>\u201cSmart regi\u00f3n\u201d y apoyo al turismo<\/p>\n<p>Tras rese\u00f1ar los pasos dados para que la implantaci\u00f3n de la administraci\u00f3n electr\u00f3nica llegue a todos los municipios  y elaborar el portal de transparencia, anunci\u00f3 que el departamento est\u00e1 preparando un \u201cSmart regi\u00f3n\u201d, \u201cun gran proyecto con el cual hemos de convencer al ministerio para que nos lo subvenciones y que permitir\u00e1 extender el concepto de \u201cSmart city\u201d, de ciudad inteligente, a los municipios de nuestras comarcas\u201d. <\/p>\n<p>Finalmente, coment\u00f3 que \u201ccomo en otras \u00e1reas, en Turismo la acci\u00f3n pol\u00edtica se basaba en la discrecionalidad y criterios arbitrarios\u201d y detall\u00f3 que ahora se est\u00e1 trabajando en la elaboraci\u00f3n de \u201cunas l\u00edneas maestras para la confecci\u00f3n de un plan estrat\u00e9gico con el inter\u00e9s de hacerlo participativo a todos los actores del sector, con criterios t\u00e9cnicos, cooperaci\u00f3n con la Generalitat y el Ayuntamiento de Valencia y con una apuesta por la tecnolog\u00eda aplicada al turismo y para ello contar\u00e1n con las universidades. <\/p>\n","protected":false},"excerpt":{"rendered":"<div class=\"mh-excerpt\">El presidente de la Diputaci\u00f3n de Valencia, Jorge Rodr\u00edguez, y la vicepresidenta del citado ente provincial, Mar\u00eda Josep Amig\u00f3, hicieron ayer un balance ante los medios de comunicaci\u00f3n de los primeros cien d\u00edas de gobierno <a class=\"mh-excerpt-more\" href=\"https:\/\/www.tucomarca.com\/wordpress\/segunda\/jorge-rodriguez-en-cien-dias-hemos-conseguido-que-los-valencianos-dejen-de-avergonzarse-de-la-diputacion\/\" title=\"Jorge Rodr\u00edguez: \u00abEn cien d\u00edas hemos conseguido que los valencianos dejen de avergonzarse de la Diputaci\u00f3n\u00bb\">[+] <\/a><\/div>\n","protected":false},"author":2,"featured_media":41030,"comment_status":"open","ping_status":"open","sticky":false,"template":"","format":"standard","meta":{"footnotes":""},"categories":[72,10,3,45],"tags":[9126,1495,204,747,9125],"class_list":{"0":"post-41029","1":"post","2":"type-post","3":"status-publish","4":"format-standard","5":"has-post-thumbnail","7":"category-sin-categorizar","8":"category-la-hoya","9":"category-seccion","10":"category-ventana","11":"tag-100-dias-gestion","12":"tag-balance","13":"tag-diputacion","14":"tag-presidente","15":"tag-vicepresidenta"},"_links":{"self":[{"href":"https:\/\/www.tucomarca.com\/wordpress\/segunda\/wp-json\/wp\/v2\/posts\/41029","targetHints":{"allow":["GET"]}}],"collection":[{"href":"https:\/\/www.tucomarca.com\/wordpress\/segunda\/wp-json\/wp\/v2\/posts"}],"about":[{"href":"https:\/\/www.tucomarca.com\/wordpress\/segunda\/wp-json\/wp\/v2\/types\/post"}],"author":[{"embeddable":true,"href":"https:\/\/www.tucomarca.com\/wordpress\/segunda\/wp-json\/wp\/v2\/users\/2"}],"replies":[{"embeddable":true,"href":"https:\/\/www.tucomarca.com\/wordpress\/segunda\/wp-json\/wp\/v2\/comments?post=41029"}],"version-history":[{"count":0,"href":"https:\/\/www.tucomarca.com\/wordpress\/segunda\/wp-json\/wp\/v2\/posts\/41029\/revisions"}],"wp:featuredmedia":[{"embeddable":true,"href":"https:\/\/www.tucomarca.com\/wordpress\/segunda\/wp-json\/wp\/v2\/media\/41030"}],"wp:attachment":[{"href":"https:\/\/www.tucomarca.com\/wordpress\/segunda\/wp-json\/wp\/v2\/media?parent=41029"}],"wp:term":[{"taxonomy":"category","embeddable":true,"href":"https:\/\/www.tucomarca.com\/wordpress\/segunda\/wp-json\/wp\/v2\/categories?post=41029"},{"taxonomy":"post_tag","embeddable":true,"href":"https:\/\/www.tucomarca.com\/wordpress\/segunda\/wp-json\/wp\/v2\/tags?post=41029"}],"curies":[{"name":"wp","href":"https:\/\/api.w.org\/{rel}","templated":true}]}}