{"id":41033,"date":"2015-10-23T14:30:46","date_gmt":"2015-10-23T11:30:46","guid":{"rendered":"http:\/\/www.tucomarca.com\/wordpress\/segunda\/?p=41033"},"modified":"2015-10-23T14:30:46","modified_gmt":"2015-10-23T11:30:46","slug":"el-hospital-de-manises-presenta-su-plan-de-atencion-a-bebes-con-dano-neurologico","status":"publish","type":"post","link":"https:\/\/www.tucomarca.com\/wordpress\/segunda\/el-hospital-de-manises-presenta-su-plan-de-atencion-a-bebes-con-dano-neurologico\/","title":{"rendered":"El Hospital de Manises presenta su plan de atenci\u00f3n a beb\u00e9s con da\u00f1o neurol\u00f3gico"},"content":{"rendered":"<p>Con motivo de la celebraci\u00f3n del D\u00eda Mundial del Da\u00f1o Cerebral Infantil el pr\u00f3ximo lunes 26 de octubre, el Hospital de Manises ha organizado una jornada profesional en la que se debatir\u00e1 los tratamientos y t\u00e9cnicas en beb\u00e9s lactantes que presentan problemas neurol\u00f3gicos. Los principales: hipersensibilidad t\u00e1ctil, dificultad para tragar o complicaciones respiratorias. Tal y como explica Rosa Mar\u00eda Franco, directora de la Unidad de Neurorrehabilitaci\u00f3n Infantil (UNRHI) del centro, \u201cel objetivo es compartir conocimientos y exponer circuitos y programas de actuaci\u00f3n desde un punto de vista multidisciplinar\u201d.<\/p>\n<p>As\u00ed, Mar\u00eda Jes\u00fas Lluch L\u00f3pez, Logopeda de la Unidad explicar\u00e1 el problema de la \u2018disfagia\u2019 o dificultad de deglutir el alimento. \u201cReeducamos mediante diversas t\u00e9cnica y estrategias este problema y damos consejos y ayuda a las familias para la correcta alimentaci\u00f3n de los peque\u00f1os\u201d, destaca Lluch. Por su parte, Sonia P\u00e9rez, terapeuta ocupacional de la Unidad, detallar\u00e1 c\u00f3mo actuar ante la hipersensibilidad t\u00e1ctil de estos peque\u00f1os. \u201cEl objetivo es que los ni\u00f1os realicen actividades b\u00e1sicas en el \u00e1mbiente optimo orientando a los padres. Para ello utilizamos la estimulaci\u00f3n sensorial o t\u00e9cnicas de motricidad fina o masajes, entre otras\u201d. De hecho, para Isabel Lezcano, fisioterapeuta de la Unidad, es importante en estos ni\u00f1os \u201ctrabajar el aparato respiratorio y el desarrollo sensorio-motor.\u201d Finalmente, la psicologa cl\u00ednica de la Unidad se centrar\u00e1 en c\u00f3mo afronta el entorno familiar la situaci\u00f3n ante un caso de da\u00f1o cerebral infantil.<\/p>\n<p>El encuentro finalizar\u00e1 con la proyecci\u00f3n del corto \u00abCuerdas\u00bb, un cortometraje de animaci\u00f3n escrito y dirigido por Pedro Sol\u00eds Garc\u00eda que fue galardonado con el Goya 2014 en la categor\u00eda de \u00abMejor cortometraje de animaci\u00f3n espa\u00f1ol\u00bb. Se trata de una conmovedora historia de amistad entre ni\u00f1os inspirada en una historia real. Cuenta la historia de Nicol\u00e1s, un ni\u00f1o con Par\u00e1lisis Cerebral muy especial que llega a un  orfanato donde encuentra a Maria. La jornada se celebrar\u00e1 en el sal\u00f3n de actos, en la planta baja del Hospital de Manises a las 16:00 h.<\/p>\n<p>Referencia en da\u00f1o cerebral<\/p>\n<p>La Unidad de Neurorrehabilitaci\u00f3n Infantil del Hospital de Manises se ha convertido en un centro referente en la atenci\u00f3n al da\u00f1o cerebral desde que iniciara su funcionamiento en mayo de 2012. Se trata de la primera Unidad p\u00fablica de Neurorrehabilitaci\u00f3n Infantil de Valencia y en la actualidad atiende a m\u00e1s de 19 ni\u00f1os con da\u00f1o cerebral. Adem\u00e1s, desde su creaci\u00f3n ha ofrecido tratamiento a lactantes con problemas neurol\u00f3gicos y sus familias. Las patolog\u00edas m\u00e1s habituales en el servicio de da\u00f1o cerebral son anoxias cerebrales, accidentes cerebrovasculares perinatales y traumatismos craneoencef\u00e1licos.<\/p>\n<p>Esta Unidad plantea desde el inicio una atenci\u00f3n multidisciplinar- interdisciplinar. En ella los profesionales de la salud como el neuropediatra, el m\u00e9dico rehabilitador, el psic\u00f3logo cl\u00ednico, el trabajador social junto con el equipo terap\u00e9utico trabajan en conjunto y establecen los criterios y procedimientos necesarios para la identificaci\u00f3n temprana de los ni\u00f1os en situaci\u00f3n de riesgo con los que poder iniciar la intervenci\u00f3n en los casos en que se requiera.<br \/>\nAdem\u00e1s de la intervenci\u00f3n a trav\u00e9s de terapias individualizadas o grupales, la Unidad act\u00faa tambi\u00e9n sobre la familia y los diversos \u00e1mbitos donde el ni\u00f1o lleva a cabo su participaci\u00f3n: la escuela, la casa y otros contextos cl\u00ednicos. Con ello, se asegura que los logros y habilidades que el ni\u00f1o va adquiriendo se consigan de manera generalizada en todos sus \u00e1mbitos de actuaci\u00f3n.<\/p>\n","protected":false},"excerpt":{"rendered":"<div class=\"mh-excerpt\">Con motivo de la celebraci\u00f3n del D\u00eda Mundial del Da\u00f1o Cerebral Infantil el pr\u00f3ximo lunes 26 de octubre, el Hospital de Manises ha organizado una jornada profesional en la que se debatir\u00e1 los tratamientos y <a class=\"mh-excerpt-more\" href=\"https:\/\/www.tucomarca.com\/wordpress\/segunda\/el-hospital-de-manises-presenta-su-plan-de-atencion-a-bebes-con-dano-neurologico\/\" title=\"El Hospital de Manises presenta su plan de atenci\u00f3n a beb\u00e9s con da\u00f1o neurol\u00f3gico\">[+] <\/a><\/div>\n","protected":false},"author":2,"featured_media":0,"comment_status":"open","ping_status":"open","sticky":false,"template":"","format":"standard","meta":{"footnotes":""},"categories":[119,8,10,3],"tags":[9127,9128,434,1417],"class_list":{"0":"post-41033","1":"post","2":"type-post","3":"status-publish","4":"format-standard","6":"category-sanidad-la-comarca","7":"category-la-comarca","8":"category-la-hoya","9":"category-seccion","10":"tag-bebes","11":"tag-danos-neurologicos","12":"tag-hospital-manises","13":"tag-programa"},"_links":{"self":[{"href":"https:\/\/www.tucomarca.com\/wordpress\/segunda\/wp-json\/wp\/v2\/posts\/41033","targetHints":{"allow":["GET"]}}],"collection":[{"href":"https:\/\/www.tucomarca.com\/wordpress\/segunda\/wp-json\/wp\/v2\/posts"}],"about":[{"href":"https:\/\/www.tucomarca.com\/wordpress\/segunda\/wp-json\/wp\/v2\/types\/post"}],"author":[{"embeddable":true,"href":"https:\/\/www.tucomarca.com\/wordpress\/segunda\/wp-json\/wp\/v2\/users\/2"}],"replies":[{"embeddable":true,"href":"https:\/\/www.tucomarca.com\/wordpress\/segunda\/wp-json\/wp\/v2\/comments?post=41033"}],"version-history":[{"count":0,"href":"https:\/\/www.tucomarca.com\/wordpress\/segunda\/wp-json\/wp\/v2\/posts\/41033\/revisions"}],"wp:attachment":[{"href":"https:\/\/www.tucomarca.com\/wordpress\/segunda\/wp-json\/wp\/v2\/media?parent=41033"}],"wp:term":[{"taxonomy":"category","embeddable":true,"href":"https:\/\/www.tucomarca.com\/wordpress\/segunda\/wp-json\/wp\/v2\/categories?post=41033"},{"taxonomy":"post_tag","embeddable":true,"href":"https:\/\/www.tucomarca.com\/wordpress\/segunda\/wp-json\/wp\/v2\/tags?post=41033"}],"curies":[{"name":"wp","href":"https:\/\/api.w.org\/{rel}","templated":true}]}}