{"id":41108,"date":"2015-10-26T19:51:04","date_gmt":"2015-10-26T16:51:04","guid":{"rendered":"http:\/\/www.tucomarca.com\/wordpress\/segunda\/?p=41108"},"modified":"2015-10-26T19:51:04","modified_gmt":"2015-10-26T16:51:04","slug":"el-conseller-soler-se-reune-con-el-alcalde-de-monserrat","status":"publish","type":"post","link":"https:\/\/www.tucomarca.com\/wordpress\/segunda\/el-conseller-soler-se-reune-con-el-alcalde-de-monserrat\/","title":{"rendered":"El conseller Soler se re\u00fane con el alcalde de Monserrat"},"content":{"rendered":"<p>El conseller de Hacienda y Modelo Econ\u00f3mico, Vicent Soler, se ha reunido con el alcalde de Montserrat, Josep Mas, y el teniente alcalde, Joan Garc\u00eda.<\/p>\n<p>Durante el encuentro, al que tambi\u00e9n ha asistido la directora general de Financiaci\u00f3n y Fondos Europeos, Myriam Fern\u00e1ndez, se han sentado las bases para avanzar en la organizaci\u00f3n de los municipios de la mancomunidad del Marquesat en el impulso de estrategias de desarrollo sostenible.<\/p>\n<p>Asimismo, se ha destacado la importancia de articular v\u00edas estables para obtener financiaci\u00f3n europea y organizar sus equipos y estructuras.<\/p>\n<p>Vicent Soler ha destacado tambi\u00e9n la necesidad de coordinar los servicios que prestan los municipios de manera com\u00fan.<\/p>\n","protected":false},"excerpt":{"rendered":"<div class=\"mh-excerpt\">El conseller de Hacienda y Modelo Econ\u00f3mico, Vicent Soler, se ha reunido con el alcalde de Montserrat, Josep Mas, y el teniente alcalde, Joan Garc\u00eda. Durante el encuentro, al que tambi\u00e9n ha asistido la directora <a class=\"mh-excerpt-more\" href=\"https:\/\/www.tucomarca.com\/wordpress\/segunda\/el-conseller-soler-se-reune-con-el-alcalde-de-monserrat\/\" title=\"El conseller Soler se re\u00fane con el alcalde de Monserrat\">[+] <\/a><\/div>\n","protected":false},"author":2,"featured_media":0,"comment_status":"open","ping_status":"open","sticky":false,"template":"","format":"standard","meta":{"footnotes":""},"categories":[8,42,162,142,3],"tags":[968,9156,9157,10425,967],"class_list":{"0":"post-41108","1":"post","2":"type-post","3":"status-publish","4":"format-standard","6":"category-la-comarca","7":"category-la-ribera","8":"category-monserrat","9":"category-politica-la-comarca","10":"category-seccion","11":"tag-alcalde","12":"tag-conseller-soler","13":"tag-desarrollo-sostenible","14":"tag-monserrat","15":"tag-reunion"},"_links":{"self":[{"href":"https:\/\/www.tucomarca.com\/wordpress\/segunda\/wp-json\/wp\/v2\/posts\/41108","targetHints":{"allow":["GET"]}}],"collection":[{"href":"https:\/\/www.tucomarca.com\/wordpress\/segunda\/wp-json\/wp\/v2\/posts"}],"about":[{"href":"https:\/\/www.tucomarca.com\/wordpress\/segunda\/wp-json\/wp\/v2\/types\/post"}],"author":[{"embeddable":true,"href":"https:\/\/www.tucomarca.com\/wordpress\/segunda\/wp-json\/wp\/v2\/users\/2"}],"replies":[{"embeddable":true,"href":"https:\/\/www.tucomarca.com\/wordpress\/segunda\/wp-json\/wp\/v2\/comments?post=41108"}],"version-history":[{"count":0,"href":"https:\/\/www.tucomarca.com\/wordpress\/segunda\/wp-json\/wp\/v2\/posts\/41108\/revisions"}],"wp:attachment":[{"href":"https:\/\/www.tucomarca.com\/wordpress\/segunda\/wp-json\/wp\/v2\/media?parent=41108"}],"wp:term":[{"taxonomy":"category","embeddable":true,"href":"https:\/\/www.tucomarca.com\/wordpress\/segunda\/wp-json\/wp\/v2\/categories?post=41108"},{"taxonomy":"post_tag","embeddable":true,"href":"https:\/\/www.tucomarca.com\/wordpress\/segunda\/wp-json\/wp\/v2\/tags?post=41108"}],"curies":[{"name":"wp","href":"https:\/\/api.w.org\/{rel}","templated":true}]}}