{"id":41220,"date":"2015-10-30T16:31:10","date_gmt":"2015-10-30T13:31:10","guid":{"rendered":"http:\/\/www.tucomarca.com\/wordpress\/segunda\/?p=41220"},"modified":"2015-10-30T16:31:10","modified_gmt":"2015-10-30T13:31:10","slug":"el-pp-de-requena-asegura-que-el-alcalde-subira-el-recibo-del-agua","status":"publish","type":"post","link":"https:\/\/www.tucomarca.com\/wordpress\/segunda\/el-pp-de-requena-asegura-que-el-alcalde-subira-el-recibo-del-agua\/","title":{"rendered":"El PP de Requena asegura que el alcalde \u00absubir\u00e1 el recibo del agua\u00bb"},"content":{"rendered":"<p>El  Ayuntamiento de Requena,  a trav\u00e9s de su actual Alcalde el Sr. Mario S\u00e1nchez y su equipo de gobierno Socialista, han aprobado el inminente incremento en la tarifa para el consumo de agua potable en un 27&#8217;27 por ciento.<\/p>\n<p>Desde el Grupo Municipal del Partido Popular, nos vemos en la obligaci\u00f3n de denunciar e informar a los vecinos mediante la presente nota de prensa, de este nuevo e inaceptable golpe de rev\u00e9s al bolsillo de los vecinos de Requena y sus aldeas, ya que nos hemos enterado de citado incremento, gracias a los datos publicados en el        DOCV  7643 de fecha 26 de Octubre de 2015, donde se reproduce el texto \u201c Resoluci\u00f3n de 29 de Septiembre de 2015, del Director General de Comercio y Consumo, por la que se aprueba la modificaci\u00f3n de la tarifa de suministro domiciliario de agua en      Requena \u201c.    <\/p>\n<p>Desde el Partido Popular, no podemos consentir que este Equipo de Gobierno d\u00e9 la espalda a los intereses de los requenenses, ya que cada vez que nos gobierna el PSOE, se nos incrementan inexplicablemente los impuestos y las tasas. <\/p>\n<p> Los vecinos de Requena nos preguntamos d\u00f3nde est\u00e1 ahora la transparencia de la que tanto alardeaban, la transparencia no puede ser mayor o menor en funci\u00f3n de su conveniencia, desde el Partido Popular exigimos que vuelvan a poner en marcha todos los canales de transparencia y participaci\u00f3n que el Partido Popular, y que informen a nuestros ciudadanos como ellos se merecen.<\/p>\n","protected":false},"excerpt":{"rendered":"<div class=\"mh-excerpt\">El Ayuntamiento de Requena, a trav\u00e9s de su actual Alcalde el Sr. Mario S\u00e1nchez y su equipo de gobierno Socialista, han aprobado el inminente incremento en la tarifa para el consumo de agua potable en <a class=\"mh-excerpt-more\" href=\"https:\/\/www.tucomarca.com\/wordpress\/segunda\/el-pp-de-requena-asegura-que-el-alcalde-subira-el-recibo-del-agua\/\" title=\"El PP de Requena asegura que el alcalde \u00absubir\u00e1 el recibo del agua\u00bb\">[+] <\/a><\/div>\n","protected":false},"author":2,"featured_media":0,"comment_status":"open","ping_status":"open","sticky":false,"template":"","format":"standard","meta":{"footnotes":""},"categories":[8,142,28,27,3],"tags":[968,63,9201,10388,9200],"class_list":{"0":"post-41220","1":"post","2":"type-post","3":"status-publish","4":"format-standard","6":"category-la-comarca","7":"category-politica-la-comarca","8":"category-requena","9":"category-requena-utiel","10":"category-seccion","11":"tag-alcalde","12":"tag-pp","13":"tag-recibo-de-agua","14":"tag-requena","15":"tag-subira"},"_links":{"self":[{"href":"https:\/\/www.tucomarca.com\/wordpress\/segunda\/wp-json\/wp\/v2\/posts\/41220","targetHints":{"allow":["GET"]}}],"collection":[{"href":"https:\/\/www.tucomarca.com\/wordpress\/segunda\/wp-json\/wp\/v2\/posts"}],"about":[{"href":"https:\/\/www.tucomarca.com\/wordpress\/segunda\/wp-json\/wp\/v2\/types\/post"}],"author":[{"embeddable":true,"href":"https:\/\/www.tucomarca.com\/wordpress\/segunda\/wp-json\/wp\/v2\/users\/2"}],"replies":[{"embeddable":true,"href":"https:\/\/www.tucomarca.com\/wordpress\/segunda\/wp-json\/wp\/v2\/comments?post=41220"}],"version-history":[{"count":0,"href":"https:\/\/www.tucomarca.com\/wordpress\/segunda\/wp-json\/wp\/v2\/posts\/41220\/revisions"}],"wp:attachment":[{"href":"https:\/\/www.tucomarca.com\/wordpress\/segunda\/wp-json\/wp\/v2\/media?parent=41220"}],"wp:term":[{"taxonomy":"category","embeddable":true,"href":"https:\/\/www.tucomarca.com\/wordpress\/segunda\/wp-json\/wp\/v2\/categories?post=41220"},{"taxonomy":"post_tag","embeddable":true,"href":"https:\/\/www.tucomarca.com\/wordpress\/segunda\/wp-json\/wp\/v2\/tags?post=41220"}],"curies":[{"name":"wp","href":"https:\/\/api.w.org\/{rel}","templated":true}]}}