{"id":41411,"date":"2015-11-06T16:04:48","date_gmt":"2015-11-06T13:04:48","guid":{"rendered":"http:\/\/www.tucomarca.com\/wordpress\/segunda\/?p=41411"},"modified":"2015-11-06T20:57:27","modified_gmt":"2015-11-06T17:57:27","slug":"el-ayuntamiento-de-turis-pone-fin-a-los-cortes-de-agua-nocturnos","status":"publish","type":"post","link":"https:\/\/www.tucomarca.com\/wordpress\/segunda\/el-ayuntamiento-de-turis-pone-fin-a-los-cortes-de-agua-nocturnos\/","title":{"rendered":"El Ayuntamiento de Tur\u00eds pone fin a los cortes de agua nocturnos"},"content":{"rendered":"<p><figure id=\"attachment_41412\" aria-describedby=\"caption-attachment-41412\" style=\"width: 300px\" class=\"wp-caption alignleft\"><a href=\"https:\/\/www.tucomarca.com\/wordpress\/segunda\/2015\/11\/el-ayuntamiento-de-turis-pone-fin-a-los-cortes-de-agua-nocturnos\/alcalde-durante-la-visita-del-secretario-autonomico-de-agricultura-con-representantes-de-las-comunidades-de-regantes-de-turis\/\" rel=\"attachment wp-att-41412\"><img loading=\"lazy\" decoding=\"async\" src=\"https:\/\/www.tucomarca.com\/wordpress\/segunda\/wp-content\/uploads\/2015\/11\/Alcalde-durante-la-visita-del-secretario-autonomico-de-agricultura-con-representantes-de-las-comunidades-de-regantes-de-Tur\u00eds-300x200.jpg\" alt=\"\" title=\"Alcalde durante la visita del secretario autonomico de agricultura con representantes de las comunidades de regantes de Tur\u00eds\" width=\"300\" height=\"200\" class=\"size-medium wp-image-41412\" srcset=\"https:\/\/www.tucomarca.com\/wordpress\/segunda\/wp-content\/uploads\/2015\/11\/Alcalde-durante-la-visita-del-secretario-autonomico-de-agricultura-con-representantes-de-las-comunidades-de-regantes-de-Tur\u00eds-300x200.jpg 300w, https:\/\/www.tucomarca.com\/wordpress\/segunda\/wp-content\/uploads\/2015\/11\/Alcalde-durante-la-visita-del-secretario-autonomico-de-agricultura-con-representantes-de-las-comunidades-de-regantes-de-Tur\u00eds-1024x682.jpg 1024w\" sizes=\"auto, (max-width: 300px) 100vw, 300px\" \/><\/a><figcaption id=\"caption-attachment-41412\" class=\"wp-caption-text\">Reciente visita del secretario auton\u00f3mico de agricultura a Tur\u00eds. tc.c<\/figcaption><\/figure>El Ayuntamiento de Tur\u00eds ha puesto fin a los cortes de agua que se ven\u00edan produciendo por la noche desde el pasado mes de agosto como consecuencia del bajo nivel de los acu\u00edferos. Desde entonces, los bandos para concienciar a los vecinos para el uso moderado del l\u00edquido elemento han sido constantes.<br \/>\nLa principal raz\u00f3n para poner fin a estos cortes es la finalizaci\u00f3n de las obras que se han llevado a cabo para conectar uno de los dep\u00f3sitos de Tur\u00eds con el dep\u00f3sito San Pedro de Godelleta. Seg\u00fan explica el Alcalde, Ismael Corell, la obra no ha sido de gran envergadura porque se trata de dos dep\u00f3sitos muy cercanos pero era una canalizaci\u00f3n que era preciso realizar porque, \u201cpuntualmente, cuando nos veamos en la necesidad, nos permitir\u00e1 comprar agua destinada a nuestro municipio\u201d.<br \/>\nCorell asegura que la falta de agua es uno de los caballos de batalla desde que entraron en el consistorio y desde entonces \u201cestamos trabajando de una manera endiablada llamando a todas las administraciones e iniciando negociaciones con asociaciones y otros pueblos para intentar solucionar el tema\u201d.<br \/>\nLa soluci\u00f3n que se acaba de adoptar es algo moment\u00e1neo mientras se trabaja intensamente en la canalizaci\u00f3n desde el aforo del R\u00e1fol, propiedad del ayuntamiento, hasta la localidad. Esta obra s\u00ed que requiere un mayor esfuerzo pero \u201ccomo sea vamos a traer agua al pueblo. El aforo est\u00e1 a unos ocho kil\u00f3metros y, como es evidente, la obra requiere una gran inversi\u00f3n. Por ello estamos en conversaciones continuas con Conselleria y Diputaci\u00f3n, as\u00ed como con otras entidades, con el fin de estudiar cu\u00e1l es la forma para que nos salga m\u00e1s rentable tanto en lo econ\u00f3mico como en el modo de trabajo\u201d, explica la m\u00e1xima autoridad turisana.<\/p>\n","protected":false},"excerpt":{"rendered":"<div class=\"mh-excerpt\">El Ayuntamiento de Tur\u00eds ha puesto fin a los cortes de agua que se ven\u00edan produciendo por la noche desde el pasado mes de agosto como consecuencia del bajo nivel de los acu\u00edferos. Desde entonces, <a class=\"mh-excerpt-more\" href=\"https:\/\/www.tucomarca.com\/wordpress\/segunda\/el-ayuntamiento-de-turis-pone-fin-a-los-cortes-de-agua-nocturnos\/\" title=\"El Ayuntamiento de Tur\u00eds pone fin a los cortes de agua nocturnos\">[+] <\/a><\/div>\n","protected":false},"author":2,"featured_media":41412,"comment_status":"open","ping_status":"open","sticky":false,"template":"","format":"standard","meta":{"footnotes":""},"categories":[8,42,3,43,45],"tags":[416,9280,9281,10394],"class_list":{"0":"post-41411","1":"post","2":"type-post","3":"status-publish","4":"format-standard","5":"has-post-thumbnail","7":"category-la-comarca","8":"category-la-ribera","9":"category-seccion","10":"category-turis","11":"category-ventana","12":"tag-agua","13":"tag-fin-de-recortes","14":"tag-nocturnos","15":"tag-turis"},"_links":{"self":[{"href":"https:\/\/www.tucomarca.com\/wordpress\/segunda\/wp-json\/wp\/v2\/posts\/41411","targetHints":{"allow":["GET"]}}],"collection":[{"href":"https:\/\/www.tucomarca.com\/wordpress\/segunda\/wp-json\/wp\/v2\/posts"}],"about":[{"href":"https:\/\/www.tucomarca.com\/wordpress\/segunda\/wp-json\/wp\/v2\/types\/post"}],"author":[{"embeddable":true,"href":"https:\/\/www.tucomarca.com\/wordpress\/segunda\/wp-json\/wp\/v2\/users\/2"}],"replies":[{"embeddable":true,"href":"https:\/\/www.tucomarca.com\/wordpress\/segunda\/wp-json\/wp\/v2\/comments?post=41411"}],"version-history":[{"count":0,"href":"https:\/\/www.tucomarca.com\/wordpress\/segunda\/wp-json\/wp\/v2\/posts\/41411\/revisions"}],"wp:featuredmedia":[{"embeddable":true,"href":"https:\/\/www.tucomarca.com\/wordpress\/segunda\/wp-json\/wp\/v2\/media\/41412"}],"wp:attachment":[{"href":"https:\/\/www.tucomarca.com\/wordpress\/segunda\/wp-json\/wp\/v2\/media?parent=41411"}],"wp:term":[{"taxonomy":"category","embeddable":true,"href":"https:\/\/www.tucomarca.com\/wordpress\/segunda\/wp-json\/wp\/v2\/categories?post=41411"},{"taxonomy":"post_tag","embeddable":true,"href":"https:\/\/www.tucomarca.com\/wordpress\/segunda\/wp-json\/wp\/v2\/tags?post=41411"}],"curies":[{"name":"wp","href":"https:\/\/api.w.org\/{rel}","templated":true}]}}