{"id":4146,"date":"2012-06-28T00:56:31","date_gmt":"2012-06-27T22:56:31","guid":{"rendered":"http:\/\/www.tucomarca.com\/wordpress\/segunda\/?p=4146"},"modified":"2012-06-28T00:56:31","modified_gmt":"2012-06-27T22:56:31","slug":"festival-de-fin-de-curso-de-la-escuela-de-musica-de-la-orquesta-de-pulso-y-pua-%c2%abvilla-de-chiva%c2%bb","status":"publish","type":"post","link":"https:\/\/www.tucomarca.com\/wordpress\/segunda\/festival-de-fin-de-curso-de-la-escuela-de-musica-de-la-orquesta-de-pulso-y-pua-%c2%abvilla-de-chiva%c2%bb\/","title":{"rendered":"Festival de fin de curso de la Escuela de M\u00fasica de la Orquesta de Pulso y P\u00faa \u00abVilla de Chiva\u00bb"},"content":{"rendered":"<p>El pasado s\u00e1bado el teatro Astoria de Chiva acog\u00eda el festival de fin de curso de la Escuela de M\u00fasica de la Orquesta de Pulso y P\u00faa \u201cVilla de Chiva\u201d. As\u00ed, en d\u00faos, tr\u00edos o grupos m\u00e1s grandes interpretaron diversas obras.<\/p>\n<p>M\u00e1s infomaci\u00f3n e im\u00e1genes, a partir de este jueves en la edici\u00f3n impresa de <strong>tucomarca.com<\/strong> (n\u00ba 455) para La Hoya de Bu\u00f1ol-Chiva y comarcas lim\u00edtrofes. Informa, <strong>Ainoa Garc\u00eda-Pascual<\/strong>.<\/p>\n","protected":false},"excerpt":{"rendered":"<div class=\"mh-excerpt\">El pasado s\u00e1bado el teatro Astoria de Chiva acog\u00eda el festival de fin de curso de la Escuela de M\u00fasica de la Orquesta de Pulso y P\u00faa \u201cVilla de Chiva\u201d. As\u00ed, en d\u00faos, tr\u00edos o <a class=\"mh-excerpt-more\" href=\"https:\/\/www.tucomarca.com\/wordpress\/segunda\/festival-de-fin-de-curso-de-la-escuela-de-musica-de-la-orquesta-de-pulso-y-pua-%c2%abvilla-de-chiva%c2%bb\/\" title=\"Festival de fin de curso de la Escuela de M\u00fasica de la Orquesta de Pulso y P\u00faa \u00abVilla de Chiva\u00bb\">[+] <\/a><\/div>\n","protected":false},"author":1,"featured_media":4198,"comment_status":"open","ping_status":"open","sticky":false,"template":"","format":"standard","meta":{"footnotes":""},"categories":[66,16,10,7,3,45],"tags":[],"class_list":{"0":"post-4146","1":"post","2":"type-post","3":"status-publish","4":"format-standard","5":"has-post-thumbnail","7":"category-musica","8":"category-chiva","9":"category-la-hoya","10":"category-ocio-y-cultura","11":"category-seccion","12":"category-ventana"},"_links":{"self":[{"href":"https:\/\/www.tucomarca.com\/wordpress\/segunda\/wp-json\/wp\/v2\/posts\/4146","targetHints":{"allow":["GET"]}}],"collection":[{"href":"https:\/\/www.tucomarca.com\/wordpress\/segunda\/wp-json\/wp\/v2\/posts"}],"about":[{"href":"https:\/\/www.tucomarca.com\/wordpress\/segunda\/wp-json\/wp\/v2\/types\/post"}],"author":[{"embeddable":true,"href":"https:\/\/www.tucomarca.com\/wordpress\/segunda\/wp-json\/wp\/v2\/users\/1"}],"replies":[{"embeddable":true,"href":"https:\/\/www.tucomarca.com\/wordpress\/segunda\/wp-json\/wp\/v2\/comments?post=4146"}],"version-history":[{"count":0,"href":"https:\/\/www.tucomarca.com\/wordpress\/segunda\/wp-json\/wp\/v2\/posts\/4146\/revisions"}],"wp:featuredmedia":[{"embeddable":true,"href":"https:\/\/www.tucomarca.com\/wordpress\/segunda\/wp-json\/wp\/v2\/media\/4198"}],"wp:attachment":[{"href":"https:\/\/www.tucomarca.com\/wordpress\/segunda\/wp-json\/wp\/v2\/media?parent=4146"}],"wp:term":[{"taxonomy":"category","embeddable":true,"href":"https:\/\/www.tucomarca.com\/wordpress\/segunda\/wp-json\/wp\/v2\/categories?post=4146"},{"taxonomy":"post_tag","embeddable":true,"href":"https:\/\/www.tucomarca.com\/wordpress\/segunda\/wp-json\/wp\/v2\/tags?post=4146"}],"curies":[{"name":"wp","href":"https:\/\/api.w.org\/{rel}","templated":true}]}}