{"id":41488,"date":"2015-11-09T07:42:54","date_gmt":"2015-11-09T04:42:54","guid":{"rendered":"http:\/\/www.tucomarca.com\/wordpress\/segunda\/?p=41488"},"modified":"2015-11-09T20:55:23","modified_gmt":"2015-11-09T17:55:23","slug":"cheste-criville-homenaje","status":"publish","type":"post","link":"https:\/\/www.tucomarca.com\/wordpress\/segunda\/cheste-criville-homenaje\/","title":{"rendered":"Cheste acoge a miles de aficionados y homenaje al bicampe\u00f3n \u00c1lex Crivill\u00e9"},"content":{"rendered":"<p><figure id=\"attachment_41489\" aria-describedby=\"caption-attachment-41489\" style=\"width: 300px\" class=\"wp-caption alignleft\"><a href=\"https:\/\/www.tucomarca.com\/wordpress\/segunda\/2015\/11\/cheste-criville-homenaje\/entrega-de-placa-a-criville\/\" rel=\"attachment wp-att-41489\"><img loading=\"lazy\" decoding=\"async\" src=\"https:\/\/www.tucomarca.com\/wordpress\/segunda\/wp-content\/uploads\/2015\/11\/Entrega-de-placa-a-Criville-e1447090943557-300x189.jpg\" alt=\"\" title=\"Entrega de placa a Criville\" width=\"300\" height=\"189\" class=\"size-medium wp-image-41489\" srcset=\"https:\/\/www.tucomarca.com\/wordpress\/segunda\/wp-content\/uploads\/2015\/11\/Entrega-de-placa-a-Criville-e1447090943557-300x189.jpg 300w, https:\/\/www.tucomarca.com\/wordpress\/segunda\/wp-content\/uploads\/2015\/11\/Entrega-de-placa-a-Criville-e1447090943557-1024x646.jpg 1024w, https:\/\/www.tucomarca.com\/wordpress\/segunda\/wp-content\/uploads\/2015\/11\/Entrega-de-placa-a-Criville-e1447090943557.jpeg 1235w\" sizes=\"auto, (max-width: 300px) 100vw, 300px\" \/><\/a><figcaption id=\"caption-attachment-41489\" class=\"wp-caption-text\">Entrega de la placa al bicampe\u00f3n del mundo. tc.c<\/figcaption><\/figure>Uno de los actos m\u00e1s destacados del intenso fin de semana deportivo en Cheste ha sido la tradicional recepci\u00f3n de pilotos. En ella,  el consistorio local rindi\u00f3 merecido homenaje al dos veces campe\u00f3n del mundo, Alex Crivill\u00e9.<\/p>\n<p>El evento comenz\u00f3 con la llegada a la plaza del Ayuntamiento de una caravana de moteros que acompa\u00f1aron hasta el escenario al homenajeado. El alcalde de Cheste, Jos\u00e9 Morell, fue el encargado de abrir el acto dando la bienvenida a los asistentes y realiz\u00f3 un llamamiento a la calma.<\/p>\n<p>Crivill\u00e9 y los pilotos Francesco Bagnaia y Jorge Mart\u00edn saludaron a los cientos de aficionados que abarrotaron la plaza. \u201cGuardo un buen recuerdo de la afici\u00f3n valenciana, a pesar a que tengo una espina clavada en Cheste porque no tuve suerte en las carreras de 1999 y 2001, cuando compet\u00ed en este circuito\u201d, dijo Crivill\u00e9 antes de recibir de manos del alcalde una placa conmemorativa. Al finalizar el evento, Carmen Delgado, responsable del Ayuntamiento en la organizaci\u00f3n del GP de Motociclismo, hizo entrega de una caja del espumoso moscatel Reymos al director general de la organizaci\u00f3n. <\/p>\n<p>El acto se cerr\u00f3 con una degustaci\u00f3n de paella y un castillo de fuegos artificiales. Desde el Ayuntamiento se ha hecho hincapi\u00e9 en que se ha organizado un completo programa de actividades para este fin de semana, entre los que destaca como novedad la retransmisi\u00f3n en directo de los entrenamientos del s\u00e1bado y de las carreras del domingo desde una pantalla gigante situada en la Plaza Doctor Cajal.<\/p>\n","protected":false},"excerpt":{"rendered":"<div class=\"mh-excerpt\">Uno de los actos m\u00e1s destacados del intenso fin de semana deportivo en Cheste ha sido la tradicional recepci\u00f3n de pilotos. En ella, el consistorio local rindi\u00f3 merecido homenaje al dos veces campe\u00f3n del mundo, <a class=\"mh-excerpt-more\" href=\"https:\/\/www.tucomarca.com\/wordpress\/segunda\/cheste-criville-homenaje\/\" title=\"Cheste acoge a miles de aficionados y homenaje al bicampe\u00f3n \u00c1lex Crivill\u00e9\">[+] <\/a><\/div>\n","protected":false},"author":2,"featured_media":41489,"comment_status":"open","ping_status":"open","sticky":false,"template":"","format":"standard","meta":{"footnotes":""},"categories":[17,8,10,3,45],"tags":[9302,339,977,778,10407],"class_list":{"0":"post-41488","1":"post","2":"type-post","3":"status-publish","4":"format-standard","5":"has-post-thumbnail","7":"category-cheste","8":"category-la-comarca","9":"category-la-hoya","10":"category-seccion","11":"category-ventana","12":"tag-alex-criville","13":"tag-cheste-2","14":"tag-gp","15":"tag-homenaje","16":"tag-motociclismo"},"_links":{"self":[{"href":"https:\/\/www.tucomarca.com\/wordpress\/segunda\/wp-json\/wp\/v2\/posts\/41488","targetHints":{"allow":["GET"]}}],"collection":[{"href":"https:\/\/www.tucomarca.com\/wordpress\/segunda\/wp-json\/wp\/v2\/posts"}],"about":[{"href":"https:\/\/www.tucomarca.com\/wordpress\/segunda\/wp-json\/wp\/v2\/types\/post"}],"author":[{"embeddable":true,"href":"https:\/\/www.tucomarca.com\/wordpress\/segunda\/wp-json\/wp\/v2\/users\/2"}],"replies":[{"embeddable":true,"href":"https:\/\/www.tucomarca.com\/wordpress\/segunda\/wp-json\/wp\/v2\/comments?post=41488"}],"version-history":[{"count":0,"href":"https:\/\/www.tucomarca.com\/wordpress\/segunda\/wp-json\/wp\/v2\/posts\/41488\/revisions"}],"wp:featuredmedia":[{"embeddable":true,"href":"https:\/\/www.tucomarca.com\/wordpress\/segunda\/wp-json\/wp\/v2\/media\/41489"}],"wp:attachment":[{"href":"https:\/\/www.tucomarca.com\/wordpress\/segunda\/wp-json\/wp\/v2\/media?parent=41488"}],"wp:term":[{"taxonomy":"category","embeddable":true,"href":"https:\/\/www.tucomarca.com\/wordpress\/segunda\/wp-json\/wp\/v2\/categories?post=41488"},{"taxonomy":"post_tag","embeddable":true,"href":"https:\/\/www.tucomarca.com\/wordpress\/segunda\/wp-json\/wp\/v2\/tags?post=41488"}],"curies":[{"name":"wp","href":"https:\/\/api.w.org\/{rel}","templated":true}]}}