{"id":41515,"date":"2015-11-10T15:52:28","date_gmt":"2015-11-10T12:52:28","guid":{"rendered":"http:\/\/www.tucomarca.com\/wordpress\/segunda\/?p=41515"},"modified":"2015-11-10T15:52:28","modified_gmt":"2015-11-10T12:52:28","slug":"el-pp-de-requena-aporta-las-verdades-sobre-la-subida-en-el-recibo-del-agua","status":"publish","type":"post","link":"https:\/\/www.tucomarca.com\/wordpress\/segunda\/el-pp-de-requena-aporta-las-verdades-sobre-la-subida-en-el-recibo-del-agua\/","title":{"rendered":"El PP de Requena aporta \u00ablas verdades\u00bb sobre la subida en el recibo del agua"},"content":{"rendered":"<p> Resulta realmente surrealista que el gobierno socialista de Mario S\u00e1nchez todav\u00eda siga derivando la responsabilidad de su p\u00e9sima gesti\u00f3n, culpando una y otra vez al Partido Popular, quiz\u00e1s no se ha dado cuenta de lo vergonzoso que resulta esto, cuando lleva gobernando ya casi 6 meses.<\/p>\n<p>Una vez m\u00e1s parece que el joven alcalde no se entera o no se quiere enterar, y lo que es peor, pretende confundir a los requenenses. Pues bien Sr. Sanchez, aqu\u00ed van las verdades de la subida del recibo del agua:<\/p>\n<p>\tEs cierto que yo, Javier Berasaluce, como dice la nota de prensa del PSOE, solicit\u00e9 que la empresa que gestiona el servicio de abastecimiento de agua potable, asumiese la prestaci\u00f3n en 6 aldeas en las que todav\u00eda no la hac\u00eda. Un ejercicio de responsabilidad para garantizar un tratamiento y control adecuado del agua que consumen TODOS nuestros ciudadanos.<br \/>\n\tEs rotundamente falso que esta ampliaci\u00f3n de servicio a las 6 aldeas citadas, sea el origen del aumento de la tasa del agua, como quiere hacernos creer Mario S\u00e1nchez.<br \/>\n\tLa realidad es que esta subida de la tasa est\u00e1 directamente relacionada con el car\u00e1cter deficitario del servicio(as\u00ed se especifica en el documento que ustedes mismos publican).<br \/>\n\tLa realidad es que este contrato est\u00e1 \u2018herido de muerte\u2019 y resulta insostenible desde que el gobierno socialista de Adelo Mont\u00e9s decidi\u00f3 gastarse 4 millones de Euros m\u00e1s de lo que deb\u00eda, y los tribunales obligaron al Ayuntamiento de Requena a devolverlo tras la pertinente denuncia del Partido Popular. Una vez m\u00e1s ese vicio inherente al socialismo de gastarse lo que no es suyo hipotecando el dinero y la estabilidad de los dem\u00e1s, hoy, m\u00e1s de 5 a\u00f1os despu\u00e9s seguimos teniendo esta deuda.<\/p>\n<p>Pues bien, Sr. S\u00e1nchez, deber\u00eda usted saber que, la no sostenibilidad del contrato es responsabilidad de un p\u00e9simo gobierno socialista (el de Adelo Mont\u00e9s), y la responsabilidad de esta subida de tarifas es de otro p\u00e9simo e inoperante gobierno socialista, el suyo, que se entera de la subida gracias a nuestra nota de prensa y adem\u00e1s ha sido ninguneado por el gobierno socialista de su amigo Ximo Puig, aprobando en septiembre y sin avisarles, la subida del precio del agua a trav\u00e9s de la comisi\u00f3n de precios de la Conselleria de comercio y consumo. \u00bfser\u00e1 esta una de esas conseller\u00edas donde tiene problemas para entrar\u2026como usted mismo reconoce p\u00fablicamente? El Partido Popular hace 6 meses que ya no esta ni en el Ayuntamiento ni en la Generalitat, as\u00ed que sean un poco mas serios y p\u00f3nganse a trabajar.<\/p>\n<p>Responsabilidad suya era dar respuesta a los tr\u00e1mites generados en la transici\u00f3n de un mandato a otro, valorando si estaba de acuerdo o no con ellos, y en caso negativo buscar alternativas, que hasta la fecha ha buscado pocas. <\/p>\n<p>Esa eterna respuesta de que todo es culpa del Partido Popular, ya empieza a cansarnos a los ciudadanos, que sentimos bastante verg\u00fcenza ajena de ver que esto de gobernar se les queda grande.<\/p>\n","protected":false},"excerpt":{"rendered":"<div class=\"mh-excerpt\">Resulta realmente surrealista que el gobierno socialista de Mario S\u00e1nchez todav\u00eda siga derivando la responsabilidad de su p\u00e9sima gesti\u00f3n, culpando una y otra vez al Partido Popular, quiz\u00e1s no se ha dado cuenta de lo <a class=\"mh-excerpt-more\" href=\"https:\/\/www.tucomarca.com\/wordpress\/segunda\/el-pp-de-requena-aporta-las-verdades-sobre-la-subida-en-el-recibo-del-agua\/\" title=\"El PP de Requena aporta \u00ablas verdades\u00bb sobre la subida en el recibo del agua\">[+] <\/a><\/div>\n","protected":false},"author":2,"featured_media":0,"comment_status":"open","ping_status":"open","sticky":false,"template":"","format":"standard","meta":{"footnotes":""},"categories":[8,142,28,27,3],"tags":[416,63,4300,10388,2216,9310],"class_list":{"0":"post-41515","1":"post","2":"type-post","3":"status-publish","4":"format-standard","6":"category-la-comarca","7":"category-politica-la-comarca","8":"category-requena","9":"category-requena-utiel","10":"category-seccion","11":"tag-agua","12":"tag-pp","13":"tag-recibo","14":"tag-requena","15":"tag-subida","16":"tag-verdades"},"_links":{"self":[{"href":"https:\/\/www.tucomarca.com\/wordpress\/segunda\/wp-json\/wp\/v2\/posts\/41515","targetHints":{"allow":["GET"]}}],"collection":[{"href":"https:\/\/www.tucomarca.com\/wordpress\/segunda\/wp-json\/wp\/v2\/posts"}],"about":[{"href":"https:\/\/www.tucomarca.com\/wordpress\/segunda\/wp-json\/wp\/v2\/types\/post"}],"author":[{"embeddable":true,"href":"https:\/\/www.tucomarca.com\/wordpress\/segunda\/wp-json\/wp\/v2\/users\/2"}],"replies":[{"embeddable":true,"href":"https:\/\/www.tucomarca.com\/wordpress\/segunda\/wp-json\/wp\/v2\/comments?post=41515"}],"version-history":[{"count":0,"href":"https:\/\/www.tucomarca.com\/wordpress\/segunda\/wp-json\/wp\/v2\/posts\/41515\/revisions"}],"wp:attachment":[{"href":"https:\/\/www.tucomarca.com\/wordpress\/segunda\/wp-json\/wp\/v2\/media?parent=41515"}],"wp:term":[{"taxonomy":"category","embeddable":true,"href":"https:\/\/www.tucomarca.com\/wordpress\/segunda\/wp-json\/wp\/v2\/categories?post=41515"},{"taxonomy":"post_tag","embeddable":true,"href":"https:\/\/www.tucomarca.com\/wordpress\/segunda\/wp-json\/wp\/v2\/tags?post=41515"}],"curies":[{"name":"wp","href":"https:\/\/api.w.org\/{rel}","templated":true}]}}