{"id":4157,"date":"2012-06-26T10:32:22","date_gmt":"2012-06-26T08:32:22","guid":{"rendered":"http:\/\/www.tucomarca.com\/wordpress\/segunda\/?p=4157"},"modified":"2012-06-26T10:32:22","modified_gmt":"2012-06-26T08:32:22","slug":"gobernacion-mantiene-la-preemergencia-por-riesgo-de-incendios-forestales-en-el-norte-de-alicante-e-interior-de-la-de-valencia","status":"publish","type":"post","link":"https:\/\/www.tucomarca.com\/wordpress\/segunda\/gobernacion-mantiene-la-preemergencia-por-riesgo-de-incendios-forestales-en-el-norte-de-alicante-e-interior-de-la-de-valencia\/","title":{"rendered":"Gobernaci\u00f3n mantiene la preemergencia por riesgo de incendios forestales en el norte de Alicante e interior de la de Valencia"},"content":{"rendered":"<p>La  conselleria de Gobernaci\u00f3n, a trav\u00e9s del Centro de Coordinaci\u00f3n de  Emergencias (CCE), mantiene hoy martes, 26 de junio, el nivel 3 de  Preemergencia, riesgo m\u00e1ximo de incendios forestales, en el norte de la  provincia de Alicante y en el interior de la provincia de Valencia y se  retira en el sur de la provincia de Alicante.<\/p>\n<p>La Agencia Estatal de Meteorolog\u00eda (AEMET) prev\u00e9 un d\u00eda con  \u00abpredominio de poco nuboso con intervalos nubosos por la tarde en el  interior. Temperaturas sin cambios. Vientos flojos predominando la  componente este\u00bb. Adem\u00e1s, \u00ablas temperaturas m\u00e1ximas alcanzar\u00e1n los 36  grados en zonas del interior\u00bb de la Comunitat.<\/p>\n<p>El CCE recuerda que el nivel 3 de Preemergencia o riesgo  extremo de incendios forestales supone la prohibici\u00f3n de realizar  cualquier tipo de fuego, incluso en las zonas recreativas autorizadas.  Por este motivo, se suspenden todas las autorizaciones otorgadas.<\/p>\n<p>Ante esta situaci\u00f3n, el CCE mantiene contacto con todos los  ayuntamientos y organismos de emergencia con el fin de informarles de la  situaci\u00f3n de Preemergencia prevista para hoy. Los efectivos que  conforman el Plan Especial ante el riesgo de incendios forestales de la  Comunitat se encuentran en m\u00e1xima alerta por si es necesaria su  intervenci\u00f3n.<\/p>\n<p>La Generalitat recuerda que hay que seguir en todo momento las  indicaciones que se derivan de la declaraci\u00f3n del nivel 3 de  Preemergencia en cuanto a la utilizaci\u00f3n del fuego para evitar que una  negligencia pueda ocasionar da\u00f1os mayores por lo que queda prohibido el  uso del fuego en zonas recreativas y recomienda, adem\u00e1s,  extremar la  precauci\u00f3n en todas las \u00e1reas forestales de la Comunitat, as\u00ed como hacer  un uso responsable del medioambiente.<\/p>\n<p><strong>Consejos <\/strong><\/p>\n<p>&#8211; No fumar mientras se camina por el monte, ni arrojar, en ning\u00fan concepto, colillas o f\u00f3sforos desde veh\u00edculos.<\/p>\n<p>&#8211; No encender fuego bajo ninguna circunstancia.<\/p>\n<p>&#8211; No utilizar artefactos o material explosivo como petardos, masclets, carcasas, etc<\/p>\n<p>&#8211; En la ejecuci\u00f3n de obras o trabajos de ingenier\u00eda civil o  cualquier otro tipo que pueda implicar riesgo de producir incendios  forestales (utilizaci\u00f3n de soldadores, desbrozadotas, sierras de disco,  generadores, etc), los promotores y ejecutores deber\u00e1n cumplir  estrictamente las normas de seguridad en prevenci\u00f3n de incendios  forestales en la ejecuci\u00f3n de obras y trabajos que se realicen en  terrenos forestales o en sus inmediaciones (Decreto 7\/2003, de 23 de  enero, del Consell de la Generalitat).<\/p>\n<p>&#8211; Si detecta un incendio en sus comienzos puede intentar  sofocarlo echando agua o tierra sobre la base de las llamas o golpeando  con la rama de un \u00e1rbol que estuviera verde. Si pasado m\u00e1s de un minuto  no ha podido ser sofocado, hay que comunicarlo inmediatamente al  tel\u00e9fono &#8216;112 Comunitat Valenciana&#8217; o a las autoridades m\u00e1s cercanas.<\/p>\n<p>&#8211; En caso de incendio, siga en todo momento las indicaciones  que le sean dadas por el personal que tiene atribuidas las misiones de  vigilancia y extinci\u00f3n.<\/p>\n","protected":false},"excerpt":{"rendered":"<div class=\"mh-excerpt\">La conselleria de Gobernaci\u00f3n, a trav\u00e9s del Centro de Coordinaci\u00f3n de Emergencias (CCE), mantiene hoy martes, 26 de junio, el nivel 3 de Preemergencia, riesgo m\u00e1ximo de incendios forestales, en el norte de la provincia <a class=\"mh-excerpt-more\" href=\"https:\/\/www.tucomarca.com\/wordpress\/segunda\/gobernacion-mantiene-la-preemergencia-por-riesgo-de-incendios-forestales-en-el-norte-de-alicante-e-interior-de-la-de-valencia\/\" title=\"Gobernaci\u00f3n mantiene la preemergencia por riesgo de incendios forestales en el norte de Alicante e interior de la de Valencia\">[+] <\/a><\/div>\n","protected":false},"author":1,"featured_media":0,"comment_status":"open","ping_status":"open","sticky":false,"template":"","format":"standard","meta":{"footnotes":""},"categories":[8,72,117,3],"tags":[],"class_list":{"0":"post-4157","1":"post","2":"type-post","3":"status-publish","4":"format-standard","6":"category-la-comarca","7":"category-sin-categorizar","8":"category-medio-ambiente-la-comarca","9":"category-seccion"},"_links":{"self":[{"href":"https:\/\/www.tucomarca.com\/wordpress\/segunda\/wp-json\/wp\/v2\/posts\/4157","targetHints":{"allow":["GET"]}}],"collection":[{"href":"https:\/\/www.tucomarca.com\/wordpress\/segunda\/wp-json\/wp\/v2\/posts"}],"about":[{"href":"https:\/\/www.tucomarca.com\/wordpress\/segunda\/wp-json\/wp\/v2\/types\/post"}],"author":[{"embeddable":true,"href":"https:\/\/www.tucomarca.com\/wordpress\/segunda\/wp-json\/wp\/v2\/users\/1"}],"replies":[{"embeddable":true,"href":"https:\/\/www.tucomarca.com\/wordpress\/segunda\/wp-json\/wp\/v2\/comments?post=4157"}],"version-history":[{"count":0,"href":"https:\/\/www.tucomarca.com\/wordpress\/segunda\/wp-json\/wp\/v2\/posts\/4157\/revisions"}],"wp:attachment":[{"href":"https:\/\/www.tucomarca.com\/wordpress\/segunda\/wp-json\/wp\/v2\/media?parent=4157"}],"wp:term":[{"taxonomy":"category","embeddable":true,"href":"https:\/\/www.tucomarca.com\/wordpress\/segunda\/wp-json\/wp\/v2\/categories?post=4157"},{"taxonomy":"post_tag","embeddable":true,"href":"https:\/\/www.tucomarca.com\/wordpress\/segunda\/wp-json\/wp\/v2\/tags?post=4157"}],"curies":[{"name":"wp","href":"https:\/\/api.w.org\/{rel}","templated":true}]}}