{"id":4161,"date":"2012-06-26T11:35:15","date_gmt":"2012-06-26T09:35:15","guid":{"rendered":"http:\/\/www.tucomarca.com\/wordpress\/segunda\/?p=4161"},"modified":"2012-06-26T11:35:15","modified_gmt":"2012-06-26T09:35:15","slug":"serafin-castellano-%c2%abla-comunitat-cuenta-con-una-extensa-planificacion-para-prevenir-situaciones-de-emergencia%c2%bb","status":"publish","type":"post","link":"https:\/\/www.tucomarca.com\/wordpress\/segunda\/serafin-castellano-%c2%abla-comunitat-cuenta-con-una-extensa-planificacion-para-prevenir-situaciones-de-emergencia%c2%bb\/","title":{"rendered":"Seraf\u00edn Castellano: \u00abLa Comunitat cuenta con una extensa planificaci\u00f3n para prevenir situaciones de emergencia\u00bb"},"content":{"rendered":"<p>El conseller de Gobernaci\u00f3n, Seraf\u00edn Castellano, ha asegurado que la  Comunitat Valenciana cuenta con una \u00abextensa planificaci\u00f3n para prevenir  situaciones de emergencia\u00bb que abarca todo lo que la legislaci\u00f3n  estatal y auton\u00f3mica  establece como obligatoria.<\/p>\n<p>Castellano, que ha inaugurado la jornada t\u00e9cnica &#8216;Gesti\u00f3n de  Grandes Cat\u00e1strofes: Lecciones Aprendidas&#8217; organizada por la Fundaci\u00f3n  Fuego, en colaboraci\u00f3n con la Conselleria de Gobernaci\u00f3n y otras  entidades, celebrada en el Instituto Valenciano de Seguridad P\u00fablica y  Emergencias (IVASPE), ubicado en Cheste, ha destacado \u00abel acierto, oportunidad y necesidad\u00bb  de realizar este tipo de jornadas.<\/p>\n<p>\u00abA trav\u00e9s del an\u00e1lisis de grandes siniestros y cat\u00e1strofes  vividas como el terremoto de Lorca, el desastre de Fukushima o los  incendios de Guadalajara, se extraen muchas lecciones a tener en cuenta  de cara al futuro ya sea para la elaboraci\u00f3n de planes o para poder  reaccionar adecuadamente cuando se produzca una cat\u00e1strofe de similares  caracter\u00edsticas\u00bb.<\/p>\n<p>\u00abLa experiencia siempre es un est\u00edmulo para mejorar, revisar  aquello que es susceptible de ser mejorado, tanto desde el punto de  vista de la prevenci\u00f3n y la planificaci\u00f3n como de la propia intervenci\u00f3n  y gesti\u00f3n de la emergencia es muy importante y de enorme utilidad para  elaborar y actualizar nuestros planes\u00bb, ha aseverado Seraf\u00edn Castellano<\/p>\n<p>La planificaci\u00f3n frente a los diferentes riesgos, la  coordinaci\u00f3n entre administraciones p\u00fablicas y dem\u00e1s entidades  intervinientes en la resoluci\u00f3n de las emergencias, la adopci\u00f3n de  medidas paliativas y reparadoras para el restablecimiento de la  normalidad en las zonas afectadas o el comportamiento de los edificios o  la revisi\u00f3n de la normativa sismorresistente en el caso de sismos \u00abson  algunos de los aspectos a tratar en esta jornada con el fin de  garantizar cada vez una mayor seguridad de las personas\u00bb, ha  puntualizado Castellano.<\/p>\n<p><strong>Planificaci\u00f3n frente a Emergencias <\/strong><\/p>\n<p>\u00abEn los \u00faltimos a\u00f1os, el Consell se ha tomado muy en serio la  Planificaci\u00f3n como una herramienta esencial para hacer frente a las  emergencias de una manera eficaz, eficiente y coordinada\u00bb, ha afirmado  el titular de Gobernaci\u00f3n, Seraf\u00edn Castellano.<\/p>\n<p>\u00abLa planificaci\u00f3n \u2014ha continuado\u2014 es imprescindible pues  permite asignar a cada uno sus funciones, establecer en qui\u00e9n recae el  mando y la direcci\u00f3n de las actuaciones, as\u00ed como organizar  adecuadamente a los profesionales de Protecci\u00f3n Civil y gesti\u00f3n de  emergencias para conseguir la respuesta m\u00e1s id\u00f3nea seg\u00fan el tipo de  emergencia que tengamos que afrontar\u00bb.<\/p>\n<p>En cuanto a los Planes de Protecci\u00f3n Civil vigentes en la  Comunitat Castellano ha resaltado el Plan Territorial de Emergencia de  la Comunitat que se encuentra en fase de revisi\u00f3n y que incorpora seis  Planes Sectoriales (Carreteras, Transporte, Sanitario, Albergue y  Asistencia, Abastecimiento y Seguridad).<\/p>\n<p>Adem\u00e1s, contamos con los Planes Especiales frente al Riesgo  S\u00edsmico; Incendios Forestales; Inundaciones y Mercanc\u00edas Peligrosas; con  los Planes de Emergencia Exterior de 25 establecimientos afectados por  riesgo de accidentes graves; Procedimientos de Actuaci\u00f3n ante Nevadas,  Marco, Aeropuerto de Valencia y Alicante, Autoridad Portuaria de  Valencia y Contaminaci\u00f3n Marina Accidental; Planes de Eventos Especiales  como el Circuito de F1 y el de GP de Motociclismo y el PENVA y 159  Planes Territoriales Municipales (PTMs) de poblaciones de menos de 5.000  habitantes de los cuales hay 108 aprobados.<\/p>\n<p>Por \u00faltimo, el conseller ha destacado que la Fundaci\u00f3n Fuego es  la primera fundaci\u00f3n orientada exclusivamente a la seguridad contra  incendios y emergencias cuyo objetivo es \u00abreducir la p\u00e9rdida de vidas y  bienes mejorando los niveles de seguridad por lo que le agradecemos la  celebraci\u00f3n de este tipo de jornadas que velan por la seguridad y el  beneficio de todos\u00bb.<\/p>\n","protected":false},"excerpt":{"rendered":"<div class=\"mh-excerpt\">El conseller de Gobernaci\u00f3n, Seraf\u00edn Castellano, ha asegurado que la Comunitat Valenciana cuenta con una \u00abextensa planificaci\u00f3n para prevenir situaciones de emergencia\u00bb que abarca todo lo que la legislaci\u00f3n estatal y auton\u00f3mica establece como obligatoria. <a class=\"mh-excerpt-more\" href=\"https:\/\/www.tucomarca.com\/wordpress\/segunda\/serafin-castellano-%c2%abla-comunitat-cuenta-con-una-extensa-planificacion-para-prevenir-situaciones-de-emergencia%c2%bb\/\" title=\"Seraf\u00edn Castellano: \u00abLa Comunitat cuenta con una extensa planificaci\u00f3n para prevenir situaciones de emergencia\u00bb\">[+] <\/a><\/div>\n","protected":false},"author":1,"featured_media":0,"comment_status":"open","ping_status":"open","sticky":false,"template":"","format":"standard","meta":{"footnotes":""},"categories":[17,8,10,3],"tags":[],"class_list":{"0":"post-4161","1":"post","2":"type-post","3":"status-publish","4":"format-standard","6":"category-cheste","7":"category-la-comarca","8":"category-la-hoya","9":"category-seccion"},"_links":{"self":[{"href":"https:\/\/www.tucomarca.com\/wordpress\/segunda\/wp-json\/wp\/v2\/posts\/4161","targetHints":{"allow":["GET"]}}],"collection":[{"href":"https:\/\/www.tucomarca.com\/wordpress\/segunda\/wp-json\/wp\/v2\/posts"}],"about":[{"href":"https:\/\/www.tucomarca.com\/wordpress\/segunda\/wp-json\/wp\/v2\/types\/post"}],"author":[{"embeddable":true,"href":"https:\/\/www.tucomarca.com\/wordpress\/segunda\/wp-json\/wp\/v2\/users\/1"}],"replies":[{"embeddable":true,"href":"https:\/\/www.tucomarca.com\/wordpress\/segunda\/wp-json\/wp\/v2\/comments?post=4161"}],"version-history":[{"count":0,"href":"https:\/\/www.tucomarca.com\/wordpress\/segunda\/wp-json\/wp\/v2\/posts\/4161\/revisions"}],"wp:attachment":[{"href":"https:\/\/www.tucomarca.com\/wordpress\/segunda\/wp-json\/wp\/v2\/media?parent=4161"}],"wp:term":[{"taxonomy":"category","embeddable":true,"href":"https:\/\/www.tucomarca.com\/wordpress\/segunda\/wp-json\/wp\/v2\/categories?post=4161"},{"taxonomy":"post_tag","embeddable":true,"href":"https:\/\/www.tucomarca.com\/wordpress\/segunda\/wp-json\/wp\/v2\/tags?post=4161"}],"curies":[{"name":"wp","href":"https:\/\/api.w.org\/{rel}","templated":true}]}}