{"id":41616,"date":"2015-11-12T20:45:52","date_gmt":"2015-11-12T17:45:52","guid":{"rendered":"http:\/\/www.tucomarca.com\/wordpress\/segunda\/?p=41616"},"modified":"2015-11-12T20:45:55","modified_gmt":"2015-11-12T17:45:55","slug":"toni-gaspar-inaugura-la-jornada-de-la-mujer-rural-en-alzira","status":"publish","type":"post","link":"https:\/\/www.tucomarca.com\/wordpress\/segunda\/toni-gaspar-inaugura-la-jornada-de-la-mujer-rural-en-alzira\/","title":{"rendered":"Toni Gaspar inaugura la Jornada de La Mujer Rural en Alzira"},"content":{"rendered":"<p><a href=\"https:\/\/www.tucomarca.com\/wordpress\/segunda\/2015\/11\/toni-gaspar-inaugura-la-jornada-de-la-mujer-rural-en-alzira\/img_9724\/\" rel=\"attachment wp-att-41618\"><img loading=\"lazy\" decoding=\"async\" src=\"https:\/\/www.tucomarca.com\/wordpress\/segunda\/wp-content\/uploads\/2015\/11\/IMG_9724-e1447350310675-300x186.jpg\" alt=\"\" title=\"IMG_9724\" width=\"300\" height=\"186\" class=\"alignleft size-medium wp-image-41618\" srcset=\"https:\/\/www.tucomarca.com\/wordpress\/segunda\/wp-content\/uploads\/2015\/11\/IMG_9724-e1447350310675-300x186.jpg 300w, https:\/\/www.tucomarca.com\/wordpress\/segunda\/wp-content\/uploads\/2015\/11\/IMG_9724-e1447350310675-1024x637.jpg 1024w, https:\/\/www.tucomarca.com\/wordpress\/segunda\/wp-content\/uploads\/2015\/11\/IMG_9724-e1447350310675.jpg 1115w\" sizes=\"auto, (max-width: 300px) 100vw, 300px\" \/><\/a>El vicepresidente segundo de la Diputaci\u00f3n de Valencia, Toni Gaspar, ha inaugurado esta ma\u00f1ana a la XIX Jornadade la Mujer Rural, celebrada en la Sala RexNaturade Alzira, junto a la presidenta de la Asociaci\u00f3n Valencianade Mujeres y Familias del \u00c1mbito Rural (AVAMFAR), Marian Corb\u00ed, y el presidente de la Asociaci\u00f3n Valencianade Agricultores (AVA-ASAJA), Crist\u00f3bal Aguado.<\/p>\n<p>La jornada, organizada por AVA-ASAJA y AVAMFAR, pretende reivindicar el papel de la mujer y de la familia como eje vertebrador de la econom\u00eda de los pueblos.<\/p>\n<p>El diputado Toni Gaspar ha destacado en el transcurso del acto al que han asistido unas mil mujeres, que \u201cel objetivo de las instituciones como la Diputaci\u00f3n es trabajar para mejorar la calidad de vida de la gente y los pol\u00edticos tenemos que estar al lado de los ciudadanos\u201d.<\/p>\n<p>\u201cEl papel de la mujer es fundamental en el mundorural, la mujer no est\u00e1 por debajo ni por encima del hombre sino al mismo nivel de decisi\u00f3n y desde las instituciones tenemos que reivindicar ese papel\u201d, ha a\u00f1adido Gaspar.<\/p>\n<p>Adem\u00e1s, Gaspar ha transmitido la necesidad de \u201cdefender el campo valenciano y la dignidad del trabajador del campo. La agricultura no puede estar sometida a la tiran\u00eda de los precios pero adem\u00e1s, la agricultura tiene tambi\u00e9n que abrirse y crear nuevas experiencias\u201d.<\/p>\n<p>Cristobal Aguado ha reivindicado, en su intervenci\u00f3n, el papel de la mujer y de los trabajadores del campo en general que \u201cquieren vivir dignamente de su trabajo y para ello, deben mejorar las medidas del mercado y los precios deben ser justos porque no se puede trabajar gratis en una sociedad avanzada como la nuestra\u201d.<\/p>\n<p>Marian Corb\u00ed, por su parte, ha agradecido la asistencia de m\u00e1s de 1.000 mujeres de todas las comarcas valencianas a la jornada y ha explicado la labor de su asociaci\u00f3n \u201cpara reconocer el trabajo de la mujer en el desarrollo rural de los pueblos y conseguir una agricultura activa y efectiva a trav\u00e9s de m\u00faltiples acciones como el asesoramiento o la formaci\u00f3n\u201d.<\/p>\n<p>\u201cParte fundamental de nuestro sector tur\u00edstico\u201d<\/p>\n<p>Por su parte, la diputada Monchoha se\u00f1alado la importancia de organizar encuentros como este que \u201cadem\u00e1s de reivindicar la labor de las mujeres, trata temas tan interesantes como la gastronom\u00eda y nuestros productos aut\u00f3ctonos para ponerlos en valor como parte fundamental de nuestro sector econ\u00f3mico y tur\u00edstico\u201d.<\/p>\n<p>\u201cLa Diputaci\u00f3n est\u00e1 y estar\u00e1 al lado de las mujeres que trabajan en la vida cotidiana y las que trabajan en la agricultura para apoyarlas en su importante labor\u201d, ha destacado Pilar Moncho.<\/p>\n<p>A lo largo de la ma\u00f1ana se han celebrado dos conferencias sobre la presentaci\u00f3n del proyecto \u201cAlimentos Aut\u00e9nticos\u201d, a cargo del subdirector de Innovaci\u00f3n de Correos, Jordi Escruela, y sobre la gastronom\u00eda en productos aut\u00f3ctonos valencianos, a cargo del periodista y cr\u00edtico gastron\u00f3mico, Paco Alonso. La jornada ha finalizado con un coloquio.<\/p>\n","protected":false},"excerpt":{"rendered":"<div class=\"mh-excerpt\">El vicepresidente segundo de la Diputaci\u00f3n de Valencia, Toni Gaspar, ha inaugurado esta ma\u00f1ana a la XIX Jornadade la Mujer Rural, celebrada en la Sala RexNaturade Alzira, junto a la presidenta de la Asociaci\u00f3n Valencianade <a class=\"mh-excerpt-more\" href=\"https:\/\/www.tucomarca.com\/wordpress\/segunda\/toni-gaspar-inaugura-la-jornada-de-la-mujer-rural-en-alzira\/\" title=\"Toni Gaspar inaugura la Jornada de La Mujer Rural en Alzira\">[+] <\/a><\/div>\n","protected":false},"author":2,"featured_media":41618,"comment_status":"open","ping_status":"open","sticky":false,"template":"","format":"standard","meta":{"footnotes":""},"categories":[69,8,42,3,45],"tags":[10402,1139,9362,3622],"class_list":{"0":"post-41616","1":"post","2":"type-post","3":"status-publish","4":"format-standard","5":"has-post-thumbnail","7":"category-alzira","8":"category-la-comarca","9":"category-la-ribera","10":"category-seccion","11":"category-ventana","12":"tag-alzira","13":"tag-jornada","14":"tag-mujer-rural","15":"tag-toni-gaspar"},"_links":{"self":[{"href":"https:\/\/www.tucomarca.com\/wordpress\/segunda\/wp-json\/wp\/v2\/posts\/41616","targetHints":{"allow":["GET"]}}],"collection":[{"href":"https:\/\/www.tucomarca.com\/wordpress\/segunda\/wp-json\/wp\/v2\/posts"}],"about":[{"href":"https:\/\/www.tucomarca.com\/wordpress\/segunda\/wp-json\/wp\/v2\/types\/post"}],"author":[{"embeddable":true,"href":"https:\/\/www.tucomarca.com\/wordpress\/segunda\/wp-json\/wp\/v2\/users\/2"}],"replies":[{"embeddable":true,"href":"https:\/\/www.tucomarca.com\/wordpress\/segunda\/wp-json\/wp\/v2\/comments?post=41616"}],"version-history":[{"count":0,"href":"https:\/\/www.tucomarca.com\/wordpress\/segunda\/wp-json\/wp\/v2\/posts\/41616\/revisions"}],"wp:featuredmedia":[{"embeddable":true,"href":"https:\/\/www.tucomarca.com\/wordpress\/segunda\/wp-json\/wp\/v2\/media\/41618"}],"wp:attachment":[{"href":"https:\/\/www.tucomarca.com\/wordpress\/segunda\/wp-json\/wp\/v2\/media?parent=41616"}],"wp:term":[{"taxonomy":"category","embeddable":true,"href":"https:\/\/www.tucomarca.com\/wordpress\/segunda\/wp-json\/wp\/v2\/categories?post=41616"},{"taxonomy":"post_tag","embeddable":true,"href":"https:\/\/www.tucomarca.com\/wordpress\/segunda\/wp-json\/wp\/v2\/tags?post=41616"}],"curies":[{"name":"wp","href":"https:\/\/api.w.org\/{rel}","templated":true}]}}