{"id":41660,"date":"2015-11-16T12:05:02","date_gmt":"2015-11-16T09:05:02","guid":{"rendered":"http:\/\/www.tucomarca.com\/wordpress\/segunda\/?p=41660"},"modified":"2015-11-16T12:05:02","modified_gmt":"2015-11-16T09:05:02","slug":"el-psoe-de-requena-acusa-al-pp-de-ser-el-causante-que-de-aumente-el-coste-del-agua","status":"publish","type":"post","link":"https:\/\/www.tucomarca.com\/wordpress\/segunda\/el-psoe-de-requena-acusa-al-pp-de-ser-el-causante-que-de-aumente-el-coste-del-agua\/","title":{"rendered":"El PSOE de Requena acusa al PP de ser el causante que de aumente el coste del agua"},"content":{"rendered":"<p>Comunicado del PSOE:<br \/>\nEl colmo de la sinvergonzoner\u00eda y la desfachatez, el momento m\u00e1s bajo vivido en la pol\u00edtica requenense en los \u00faltimos a\u00f1os, ha venido de la mano de la pen\u00faltima nota de prensa del PP referida a la subida en la tarifa del agua.<\/p>\n<p>La subida en la tarifa nace de una Resoluci\u00f3n del Alcald\u00eda firmada por Javier Berasaluce de fecha 14 de enero de 2015, en la que se insta a EGEVASA a la asunci\u00f3n de la gesti\u00f3n del servicio de suministro de agua potable en 6 pedan\u00edas de nuestro municipio. (Anexo I)<\/p>\n<p>El 31 de marzo de 2015 pasa por registro de entrada del Ayuntamiento un escrito de EGEVASA con el estudio econ\u00f3mico de la tarifa para costear el incremento en el coste de explotaci\u00f3n, que un mes desp\u00faes llega a la Comisi\u00f3n de Precios de la Generalitat Valenciana, ya que NO SE PRODUCE NING\u00daN TIPO DE INFORME O ALEGACI\u00d3N POR PARTE DEL AYUNTAMIENTO, GOBERNADO EN AQUEL MOMENTO POR EL PP. (Anexo II). El Ayuntamiento dispon\u00eda de un mes para realizar alegaciones. En aquel momento, el PP no inform\u00f3 ni a la ciudadan\u00eda ni a los partidos de la oposici\u00f3n sobre sus intenciones. El oscurantismo fue absoluto.<\/p>\n<p>Debido a esto la Comisi\u00f3n de Precios aprob\u00f3 el cambio de tarifa el 29 de septiembre dando por buena la informaci\u00f3n que se traslad\u00f3 desde el Ayuntamiento gobernado entonces por el PP. En dicho informe de la Comisi\u00f3n de Precios se aclara que no se ha recibido ninguna alegaci\u00f3n o informe por parte del Ayuntamiento. (Anexo III).<\/p>\n<p>No solo no tienen problemas en mentir y hacerse los sorprendidos ante una informaci\u00f3n que conoc\u00edan perfectamente, sino que adem\u00e1s demuestran que de matem\u00e1ticas saben m\u00e1s bien poco, ya que la subida es del 16,9 por ciento, no del 27 por ciento.<\/p>\n<p>Esta pen\u00faltima sorpresa se suma a muchas otras, ya que el PP no dej\u00f3 ning\u00fan papel en ning\u00fan escritorio. No hubo traspaso de poderes alguno. Y es que a esta pen\u00faltima sorpresa se suman muchas otras como una sentencia en contra de 324.570 euros a pagar a NERTON PROMOCIONES SL, otra en contra de 124.734,6 euros a pagar a CLECE SA o la devoluci\u00f3n de parte de lo ingresado por las obras de San Nicol\u00e1s por valor de 90.000 euros.<\/p>\n<p>Desde el PSOE nos preguntamos c\u00f3mo se puede tener tanta desverg\u00fcenza de acusar al nuevo de equipo de gobierno socialista por una decisi\u00f3n del anterior equipo gobierno, decisi\u00f3n fuera de toda l\u00f3gica. <\/p>\n","protected":false},"excerpt":{"rendered":"<div class=\"mh-excerpt\">Comunicado del PSOE: El colmo de la sinvergonzoner\u00eda y la desfachatez, el momento m\u00e1s bajo vivido en la pol\u00edtica requenense en los \u00faltimos a\u00f1os, ha venido de la mano de la pen\u00faltima nota de prensa <a class=\"mh-excerpt-more\" href=\"https:\/\/www.tucomarca.com\/wordpress\/segunda\/el-psoe-de-requena-acusa-al-pp-de-ser-el-causante-que-de-aumente-el-coste-del-agua\/\" title=\"El PSOE de Requena acusa al PP de ser el causante que de aumente el coste del agua\">[+] <\/a><\/div>\n","protected":false},"author":2,"featured_media":0,"comment_status":"open","ping_status":"open","sticky":false,"template":"","format":"standard","meta":{"footnotes":""},"categories":[8,28,27,3],"tags":[3657,416,2256,63,62,10388],"class_list":{"0":"post-41660","1":"post","2":"type-post","3":"status-publish","4":"format-standard","6":"category-la-comarca","7":"category-requena","8":"category-requena-utiel","9":"category-seccion","10":"tag-acusa","11":"tag-agua","12":"tag-aumento","13":"tag-pp","14":"tag-psoe","15":"tag-requena"},"_links":{"self":[{"href":"https:\/\/www.tucomarca.com\/wordpress\/segunda\/wp-json\/wp\/v2\/posts\/41660","targetHints":{"allow":["GET"]}}],"collection":[{"href":"https:\/\/www.tucomarca.com\/wordpress\/segunda\/wp-json\/wp\/v2\/posts"}],"about":[{"href":"https:\/\/www.tucomarca.com\/wordpress\/segunda\/wp-json\/wp\/v2\/types\/post"}],"author":[{"embeddable":true,"href":"https:\/\/www.tucomarca.com\/wordpress\/segunda\/wp-json\/wp\/v2\/users\/2"}],"replies":[{"embeddable":true,"href":"https:\/\/www.tucomarca.com\/wordpress\/segunda\/wp-json\/wp\/v2\/comments?post=41660"}],"version-history":[{"count":0,"href":"https:\/\/www.tucomarca.com\/wordpress\/segunda\/wp-json\/wp\/v2\/posts\/41660\/revisions"}],"wp:attachment":[{"href":"https:\/\/www.tucomarca.com\/wordpress\/segunda\/wp-json\/wp\/v2\/media?parent=41660"}],"wp:term":[{"taxonomy":"category","embeddable":true,"href":"https:\/\/www.tucomarca.com\/wordpress\/segunda\/wp-json\/wp\/v2\/categories?post=41660"},{"taxonomy":"post_tag","embeddable":true,"href":"https:\/\/www.tucomarca.com\/wordpress\/segunda\/wp-json\/wp\/v2\/tags?post=41660"}],"curies":[{"name":"wp","href":"https:\/\/api.w.org\/{rel}","templated":true}]}}