{"id":4177,"date":"2012-06-26T17:38:42","date_gmt":"2012-06-26T15:38:42","guid":{"rendered":"http:\/\/www.tucomarca.com\/wordpress\/segunda\/?p=4177"},"modified":"2012-06-26T17:38:42","modified_gmt":"2012-06-26T15:38:42","slug":"siete-aguas-abre-la-inscripcion-para-su-gran-fondo-internacional-mas-solidario","status":"publish","type":"post","link":"https:\/\/www.tucomarca.com\/wordpress\/segunda\/siete-aguas-abre-la-inscripcion-para-su-gran-fondo-internacional-mas-solidario\/","title":{"rendered":"Siete Aguas abre la inscripci\u00f3n para su Gran Fondo Internacional m\u00e1s solidario"},"content":{"rendered":"<figure id=\"attachment_4178\" aria-describedby=\"caption-attachment-4178\" style=\"width: 300px\" class=\"wp-caption alignleft\"><a href=\"https:\/\/www.tucomarca.com\/wordpress\/segunda\/wp-content\/uploads\/2012\/06\/Las-pendientes-importantes-son-importantes-a-lo-largo-de-la-prueba.jpg\"><img loading=\"lazy\" decoding=\"async\" class=\"size-medium wp-image-4178\" title=\"Las pendientes importantes son importantes a lo largo de la prueba\" src=\"https:\/\/www.tucomarca.com\/wordpress\/segunda\/wp-content\/uploads\/2012\/06\/Las-pendientes-importantes-son-importantes-a-lo-largo-de-la-prueba-300x200.jpg\" alt=\"Las pendientes a lo largo del recorrido son considerables.\" width=\"300\" height=\"200\" srcset=\"https:\/\/www.tucomarca.com\/wordpress\/segunda\/wp-content\/uploads\/2012\/06\/Las-pendientes-importantes-son-importantes-a-lo-largo-de-la-prueba-300x200.jpg 300w, https:\/\/www.tucomarca.com\/wordpress\/segunda\/wp-content\/uploads\/2012\/06\/Las-pendientes-importantes-son-importantes-a-lo-largo-de-la-prueba-1024x685.jpg 1024w\" sizes=\"auto, (max-width: 300px) 100vw, 300px\" \/><\/a><figcaption id=\"caption-attachment-4178\" class=\"wp-caption-text\">Las pendientes a lo largo del recorrido son considerables.<\/figcaption><\/figure>\n<p>El XXXIII Gran Fondo Internacional de Siete Aguas ha abierto el plazo  de inscripci\u00f3n para su edici\u00f3n 2012, que finalizar\u00e1 el 14 de agosto y  se pretende sea la edici\u00f3n m\u00e1s solidaria. La prueba tendr\u00e1 lugar el d\u00eda  18 de agosto y cuenta con el patrocinio de la Diputaci\u00f3n de Valencia, a  trav\u00e9s de su marca tur\u00edstica Valencia Terra i Mar.<\/p>\n<p>Se trata de una prueba muy dura en la que se vuelca todo el pueblo.  Son unas 40.000 personas que acuden a seguir el desarrollo de la prueba a  lo largo del recorrido, 15.150 metros, por un trazado urbano y de  monta\u00f1a, que la hace especialmente dura.<\/p>\n<p>El diputado de Juventud y Deportes, Miguel Bailach, la ha definido  como \u201cla joya de la corona de las pruebas de atletismo de toda la  provincia y de la Comunitat Valenciana\u201d.<\/p>\n<p>Es una competici\u00f3n que se ha consolidado como un referente m\u00edtico por  su trazado y condiciones, en la que destacan la tenacidad, esfuerzo y  respeto a los dem\u00e1s a lo largo del recorrido.<br \/>\nUn euro de cada inscripci\u00f3n se donar\u00e1 a la ONG Abay que desarrolla proyectos en Etiop\u00eda (<a title=\"www.abayetiopia.org\" href=\"http:\/\/www.abayetiopia.org\">www.abayetiopia.org<\/a>).Concretamente  la recaudaci\u00f3n ir\u00e1 destinada al proyecto \u00abZapatillas para Walmara\u00bb, con  el que se pretende dotar de calzado a la poblaci\u00f3n escolar del distrito  de Walmara.<\/p>\n<p>Abay desarrolla en Walmara diferentes proyectos de desarrollo, entre  los que cabe destacar hasta ahora la dotaci\u00f3n del colegio de Bacho, la  construcci\u00f3n de un pozo en la puerta de la escuela y compra de garrafas  para los 800 alumnos, la construcci\u00f3n de una biblioteca y un aula de  formaci\u00f3n. Como proyecto a medio plazo se pretende la construcci\u00f3n de un  taller para la fabricaci\u00f3n de zapatos, por lo que la contribuci\u00f3n de  los corredores ir\u00e1 destinada a dicho proyecto.<\/p>\n<p>Puede encontrar m\u00e1s informaci\u00f3n sobre la campa\u00f1a en: <a title=\"http:\/\/www.abayetiopia.org\/zapatillas-para-walmara\" href=\"http:\/\/www.abayetiopia.org\/zapatillas-para-walmara\">http:\/\/www.abayetiopia.org\/zapatillas-para-walmara<\/a>.<\/p>\n<p><strong>\u201cPor ti late m\u00e1s fuerte mi coraz\u00f3n\u201d<\/strong><\/p>\n<p>El director general de la prueba, Toni Gil, ha minifestado que \u201ctambi\u00e9n  vamos a solidarizarnos con la causa de Alba. &#8216;Por ti late m\u00e1s fuerte mi  coraz\u00f3n&#8217;. Este es el lema de la asociaci\u00f3n Alba Ojeda Garc\u00eda que lucha  por dar mejor calidad de vida a una ni\u00f1a que sufre una par\u00e1lisis  cerebral a consecuencia de una presunta negligencia m\u00e9dica que le  ocasion\u00f3 da\u00f1os irreversibles\u201d.<\/p>\n<p>Amigos y gente an\u00f3nima apoyan a la familia de Alba a trav\u00e9s de la web <a title=\"http:\/\/portilatemasfuertemicorazon.com\/\" href=\"http:\/\/portilatemasfuertemicorazon.com\/\">http:\/\/portilatemasfuertemicorazon.com\/<\/a> en su lucha por mejorar la calidad de vida de la ni\u00f1a y uno de los  apoyos importantes es la recogida de todo tipo de tapones de pl\u00e1stico.  \u201cPara ello hemos pensado reciclar todos los tapones de pl\u00e1stico  posibles\u201d.<\/p>\n","protected":false},"excerpt":{"rendered":"<div class=\"mh-excerpt\">El XXXIII Gran Fondo Internacional de Siete Aguas ha abierto el plazo de inscripci\u00f3n para su edici\u00f3n 2012, que finalizar\u00e1 el 14 de agosto y se pretende sea la edici\u00f3n m\u00e1s solidaria. La prueba tendr\u00e1 <a class=\"mh-excerpt-more\" href=\"https:\/\/www.tucomarca.com\/wordpress\/segunda\/siete-aguas-abre-la-inscripcion-para-su-gran-fondo-internacional-mas-solidario\/\" title=\"Siete Aguas abre la inscripci\u00f3n para su Gran Fondo Internacional m\u00e1s solidario\">[+] <\/a><\/div>\n","protected":false},"author":1,"featured_media":4178,"comment_status":"open","ping_status":"open","sticky":false,"template":"","format":"standard","meta":{"footnotes":""},"categories":[98,6,10,3,12,45],"tags":[],"class_list":{"0":"post-4177","1":"post","2":"type-post","3":"status-publish","4":"format-standard","5":"has-post-thumbnail","7":"category-atletismo","8":"category-deportes","9":"category-la-hoya","10":"category-seccion","11":"category-siete-aguas","12":"category-ventana"},"_links":{"self":[{"href":"https:\/\/www.tucomarca.com\/wordpress\/segunda\/wp-json\/wp\/v2\/posts\/4177","targetHints":{"allow":["GET"]}}],"collection":[{"href":"https:\/\/www.tucomarca.com\/wordpress\/segunda\/wp-json\/wp\/v2\/posts"}],"about":[{"href":"https:\/\/www.tucomarca.com\/wordpress\/segunda\/wp-json\/wp\/v2\/types\/post"}],"author":[{"embeddable":true,"href":"https:\/\/www.tucomarca.com\/wordpress\/segunda\/wp-json\/wp\/v2\/users\/1"}],"replies":[{"embeddable":true,"href":"https:\/\/www.tucomarca.com\/wordpress\/segunda\/wp-json\/wp\/v2\/comments?post=4177"}],"version-history":[{"count":0,"href":"https:\/\/www.tucomarca.com\/wordpress\/segunda\/wp-json\/wp\/v2\/posts\/4177\/revisions"}],"wp:featuredmedia":[{"embeddable":true,"href":"https:\/\/www.tucomarca.com\/wordpress\/segunda\/wp-json\/wp\/v2\/media\/4178"}],"wp:attachment":[{"href":"https:\/\/www.tucomarca.com\/wordpress\/segunda\/wp-json\/wp\/v2\/media?parent=4177"}],"wp:term":[{"taxonomy":"category","embeddable":true,"href":"https:\/\/www.tucomarca.com\/wordpress\/segunda\/wp-json\/wp\/v2\/categories?post=4177"},{"taxonomy":"post_tag","embeddable":true,"href":"https:\/\/www.tucomarca.com\/wordpress\/segunda\/wp-json\/wp\/v2\/tags?post=4177"}],"curies":[{"name":"wp","href":"https:\/\/api.w.org\/{rel}","templated":true}]}}