{"id":4180,"date":"2012-06-26T18:00:13","date_gmt":"2012-06-26T16:00:13","guid":{"rendered":"http:\/\/www.tucomarca.com\/wordpress\/segunda\/?p=4180"},"modified":"2012-06-26T18:00:13","modified_gmt":"2012-06-26T16:00:13","slug":"bunol-y-macastre-recibiran-55-000-euros-para-obras-en-su-iglesia-el-ayuntamiento-y-la-plaza-de-los-arboles","status":"publish","type":"post","link":"https:\/\/www.tucomarca.com\/wordpress\/segunda\/bunol-y-macastre-recibiran-55-000-euros-para-obras-en-su-iglesia-el-ayuntamiento-y-la-plaza-de-los-arboles\/","title":{"rendered":"Bu\u00f1ol y Macastre recibir\u00e1n 55.000 euros para obras en su iglesia, el ayuntamiento y la plaza de Los \u00c1rboles"},"content":{"rendered":"<figure id=\"attachment_4191\" aria-describedby=\"caption-attachment-4191\" style=\"width: 300px\" class=\"wp-caption alignleft\"><a href=\"https:\/\/www.tucomarca.com\/wordpress\/segunda\/wp-content\/uploads\/2012\/06\/iglesiasanpedro.jpg\"><img loading=\"lazy\" decoding=\"async\" class=\"size-medium wp-image-4191\" title=\"iglesiasanpedro\" src=\"https:\/\/www.tucomarca.com\/wordpress\/segunda\/wp-content\/uploads\/2012\/06\/iglesiasanpedro-300x174.jpg\" alt=\"Una imagen del interior de la iglesia de San Pedro de Bu\u00f1ol.\" width=\"300\" height=\"174\" srcset=\"https:\/\/www.tucomarca.com\/wordpress\/segunda\/wp-content\/uploads\/2012\/06\/iglesiasanpedro-300x174.jpg 300w, https:\/\/www.tucomarca.com\/wordpress\/segunda\/wp-content\/uploads\/2012\/06\/iglesiasanpedro-1024x594.jpg 1024w, https:\/\/www.tucomarca.com\/wordpress\/segunda\/wp-content\/uploads\/2012\/06\/iglesiasanpedro.jpg 1181w\" sizes=\"auto, (max-width: 300px) 100vw, 300px\" \/><\/a><figcaption id=\"caption-attachment-4191\" class=\"wp-caption-text\">Una imagen del interior de la iglesia de San Pedro de Bu\u00f1ol.<\/figcaption><\/figure>\n<p>La Diputaci\u00f3n de Valencia ha concedido 55.000 euros para la  realizaci\u00f3n de dos proyectos de restauraci\u00f3n de edificios e  infraestructuras emblem\u00e1ticos valencianos en la comarca de Chiva-Hoya de  Bu\u00f1ol, con un coste de 91.296,42 euros. Concretamente, en Bu\u00f1ol ser\u00e1 la parroquia de San Pedro Ap\u00f3stol la benefiaciaria de una ayuda para la restauraci\u00f3n de la portada dotada con 56.451,20 35.000; mientras que en Macastre ser\u00e1 la casa consistorial la que se beneficiar\u00e1 de una subvenci\u00f3n para su reconstrucci\u00f3n as\u00ed como la rehabilitaci\u00f3n de la plaza de los \u00c1rboles, dotadas ambas con un total de 91.296,42 55.000<\/p>\n<div>\n<p><strong>La Iglesia de San Pedro Ap\u00f3stol<\/strong><\/p>\n<p>El templo fue construido en tiempos de Carlos III y se inici\u00f3 su obra  en 1752. La planta del templo es de cruz latina con tres naves de unos  30 metros de profundidad. Las naves laterales est\u00e1n divididas en cuatro  capillitas de unos 8 metros cuadrados cada una, abovedadas por peque\u00f1as  c\u00fapulas semiesf\u00e9ricas, sostenidas por cuatro arcos entrecruzados.<\/p>\n<p>La Capilla de la Comuni\u00f3n est\u00e1 lujosamente decorada formando un  conjunto arm\u00f3nico de elementos art\u00edsticos en su limitado espacio. Hay  una Virgen del Rosario, obra de Ignacio Vergara, lo mismo que el San  Joaqu\u00edn situado en un lateral. Tambi\u00e9n hay obras de Luis Antonio Planes.  Y hay otras pinturas de Herv\u00e1s, Rodilla, Esteve Teruel, Serra, entre  otros, un verdadero muestrario de primera calidad de la imaginer\u00eda de la  escuela valenciana.<\/p>\n<p>La portada objeto de la restauraci\u00f3n es de fina traza y est\u00e1  flanqueada por dos pares de pilastras de orden corintio sobre z\u00f3calo y  dos columnas superpuestas a las pilastras m\u00e1s pr\u00f3ximas al vano de la  puerta adintelada. Unos florones sirven de remate , colocados sobre la  vertical de las pilastras. Front\u00f3n y cornisa, debido a su resalte,  permiten un marcado juego lum\u00ednico de contrastado claroscuro.<\/p>\n<p>Su color original tiende al ocre o crema claro t\u00edpicas de las  canteras de Godella y Rocafort de donde sali\u00f3 la mayor parte de la  piedra con que se construyeron por ejemplo, la Catedral de Valencia, La  Lonja de Valencia o el Miguelete entre otros monumentos. El inicio de la  restauraci\u00f3n es inminente.<\/p>\n<p><strong>90 proyectos de restauraci\u00f3n<\/strong><\/p>\n<p>Para el plan de 2011, que est\u00e1 en ejecuci\u00f3n, se han destinado un  total de 2.216.009,03 para actuar en 90 proyectos entre los que destacan  interiores y exteriores de Iglesias, antiguos edificios de  ayuntamientos, campanas y museos etnol\u00f3gicos, entre otros.<\/p>\n<p>Las intervenciones previstas por el Plan de Recuperaci\u00f3n del  Patrimonio se realizar\u00e1n en inmuebles de acceso p\u00fablico con valor  hist\u00f3rico, art\u00edstico, tipol\u00f3gico o etnogr\u00e1fico (como antiguos hornos,  molinos, palacios, fuentes, bodegas e iglesias) y de elementos  integrados en los mismos, que poseen especial significaci\u00f3n tanto para  los municipios valencianos como para los ciudadanos de la provincia,  sean de car\u00e1cter religioso sean de civil.<\/p>\n<p>El plan pretende devolver el esplendor original a edificios  significativos y estimados en los pueblos de Valencia que, por no estar  catalogados<br \/>\noficialmente como Bienes de Inter\u00e9s Cultural (BIC), no  han podido recibir otro tipo de subvenciones que facilitaran su  conservaci\u00f3n y recuperaci\u00f3n.<\/p>\n<p>\u201cHa sido una inversi\u00f3n equitativa en toda la provincia, de acuerdo  con los criterios establecidos en las bases del programa y con los  informes de los t\u00e9cnicos del Servicio de Cooperaci\u00f3n  Municipal-Restauraci\u00f3n de Bienes Culturales, que han ido seleccionando  los proyectos de restauraci\u00f3n en funci\u00f3n de la urgencia de las  actuaciones, del valor arquitect\u00f3nico e hist\u00f3rico de cada edificio y del  inter\u00e9s local que tuviera la construcci\u00f3n en cada municipio\u201d, ha  explicado el vicepresidente de la Diputaci\u00f3n, Juan Jos\u00e9 Medina.<\/p>\n<\/div>\n","protected":false},"excerpt":{"rendered":"<div class=\"mh-excerpt\">La Diputaci\u00f3n de Valencia ha concedido 55.000 euros para la realizaci\u00f3n de dos proyectos de restauraci\u00f3n de edificios e infraestructuras emblem\u00e1ticos valencianos en la comarca de Chiva-Hoya de Bu\u00f1ol, con un coste de 91.296,42 euros. <a class=\"mh-excerpt-more\" href=\"https:\/\/www.tucomarca.com\/wordpress\/segunda\/bunol-y-macastre-recibiran-55-000-euros-para-obras-en-su-iglesia-el-ayuntamiento-y-la-plaza-de-los-arboles\/\" title=\"Bu\u00f1ol y Macastre recibir\u00e1n 55.000 euros para obras en su iglesia, el ayuntamiento y la plaza de Los \u00c1rboles\">[+] <\/a><\/div>\n","protected":false},"author":1,"featured_media":4191,"comment_status":"open","ping_status":"open","sticky":false,"template":"","format":"standard","meta":{"footnotes":""},"categories":[18,128,8,10,13,3,45],"tags":[],"class_list":{"0":"post-4180","1":"post","2":"type-post","3":"status-publish","4":"format-standard","5":"has-post-thumbnail","7":"category-bunol","8":"category-infraestructuras","9":"category-la-comarca","10":"category-la-hoya","11":"category-macastre","12":"category-seccion","13":"category-ventana"},"_links":{"self":[{"href":"https:\/\/www.tucomarca.com\/wordpress\/segunda\/wp-json\/wp\/v2\/posts\/4180","targetHints":{"allow":["GET"]}}],"collection":[{"href":"https:\/\/www.tucomarca.com\/wordpress\/segunda\/wp-json\/wp\/v2\/posts"}],"about":[{"href":"https:\/\/www.tucomarca.com\/wordpress\/segunda\/wp-json\/wp\/v2\/types\/post"}],"author":[{"embeddable":true,"href":"https:\/\/www.tucomarca.com\/wordpress\/segunda\/wp-json\/wp\/v2\/users\/1"}],"replies":[{"embeddable":true,"href":"https:\/\/www.tucomarca.com\/wordpress\/segunda\/wp-json\/wp\/v2\/comments?post=4180"}],"version-history":[{"count":0,"href":"https:\/\/www.tucomarca.com\/wordpress\/segunda\/wp-json\/wp\/v2\/posts\/4180\/revisions"}],"wp:featuredmedia":[{"embeddable":true,"href":"https:\/\/www.tucomarca.com\/wordpress\/segunda\/wp-json\/wp\/v2\/media\/4191"}],"wp:attachment":[{"href":"https:\/\/www.tucomarca.com\/wordpress\/segunda\/wp-json\/wp\/v2\/media?parent=4180"}],"wp:term":[{"taxonomy":"category","embeddable":true,"href":"https:\/\/www.tucomarca.com\/wordpress\/segunda\/wp-json\/wp\/v2\/categories?post=4180"},{"taxonomy":"post_tag","embeddable":true,"href":"https:\/\/www.tucomarca.com\/wordpress\/segunda\/wp-json\/wp\/v2\/tags?post=4180"}],"curies":[{"name":"wp","href":"https:\/\/api.w.org\/{rel}","templated":true}]}}