{"id":41815,"date":"2015-11-19T16:17:31","date_gmt":"2015-11-19T13:17:31","guid":{"rendered":"http:\/\/www.tucomarca.com\/wordpress\/segunda\/?p=41815"},"modified":"2015-11-19T16:17:34","modified_gmt":"2015-11-19T13:17:34","slug":"isabel-bonig-pp-se-reune-con-empresarios-de-alzira","status":"publish","type":"post","link":"https:\/\/www.tucomarca.com\/wordpress\/segunda\/isabel-bonig-pp-se-reune-con-empresarios-de-alzira\/","title":{"rendered":"Isabel Bonig (PP) se re\u00fane con empresarios de Alzira"},"content":{"rendered":"<p><a href=\"https:\/\/www.tucomarca.com\/wordpress\/segunda\/2015\/11\/isabel-bonig-pp-se-reune-con-empresarios-de-alzira\/fd56f148-1d34-42d7-9740-965098f7b1ba\/\" rel=\"attachment wp-att-41816\"><img loading=\"lazy\" decoding=\"async\" src=\"https:\/\/www.tucomarca.com\/wordpress\/segunda\/wp-content\/uploads\/2015\/11\/fd56f148-1d34-42d7-9740-965098f7b1ba-300x196.jpg\" alt=\"\" title=\"fd56f148-1d34-42d7-9740-965098f7b1ba\" width=\"300\" height=\"196\" class=\"alignleft size-medium wp-image-41816\" srcset=\"https:\/\/www.tucomarca.com\/wordpress\/segunda\/wp-content\/uploads\/2015\/11\/fd56f148-1d34-42d7-9740-965098f7b1ba-300x196.jpg 300w, https:\/\/www.tucomarca.com\/wordpress\/segunda\/wp-content\/uploads\/2015\/11\/fd56f148-1d34-42d7-9740-965098f7b1ba-1024x670.jpg 1024w\" sizes=\"auto, (max-width: 300px) 100vw, 300px\" \/><\/a>La presidenta del Partido Popular de la Comunitat Valenciana, Isabel Bonig, ha se\u00f1alado que el PP va a solicitar explicaciones  a la consellera de Vivienda, Obras P\u00fablicas y Vertebraci\u00f3n del Territorio, Mar\u00eda Jos\u00e9 Salvador, en sede parlamentaria para saber qu\u00e9 actuaciones est\u00e1n llevando a cabo para la mejora del Pol\u00edgono Industrial de Alzira. El gobierno del PP ya estaba trabajando para permitir una conexi\u00f3n directa con la AP-7 y solventar los condicionantes que impone el Patricova en cuanto a las instalaciones de las empresas all\u00ed radicadas.<\/p>\n<p> Isabel Bonig y el presidente del PP de la provincia de Valencia, Vicente Betoret, han mantenido hoy una reuni\u00f3n con empresarios de la localidad de Alzira. Tambi\u00e9n han asistido al encuentro la cabeza de lista por Valencia al Congreso, Elena Bastidas, y la n\u00famero 2 en la lista, Bel\u00e9n Hoyo. En el encuentro han analizado las pol\u00edticas que puso en marcha el anterior Gobierno del PP para reactivar la econom\u00eda y salir de la crisis, y han escuchado a los empresarios para conocer sus principales necesidades y preocupaciones para tratar de encontrar soluciones.<\/p>\n<p>La dirigente popular ha manifestado que \u201cAlzira es un importante n\u00facleo industrial y comercial, est\u00e1 considerada el motor econ\u00f3mico de la comarca, acaparando la mayor parte de la oferta de ocio y servicios de la zona, y  genera gran cantidad de puestos de trabajo directos e indirectos. Por tanto no se puede dejar de lado, hay que tener en cuenta sus reivindicaciones\u201d.<\/p>\n<p>Durante el encuentro Isabel Bonig ha repasado las medidas puestas en marcha por el PP para que la econom\u00eda volviera a funcionar, y ha destacado la gran labor del empresariado para reactivar la econom\u00eda. Por \u00faltimo ha recordado que \u201choy la Comunidad Valenciana lidera el crecimiento del PIB con un 4,3 por ciento y un punto m\u00e1s que la media de Espa\u00f1a, encabeza la creaci\u00f3n de empleo con m\u00e1s de 34.000 nuevos empleos en el \u00faltimo a\u00f1o\u201d.<\/p>\n","protected":false},"excerpt":{"rendered":"<div class=\"mh-excerpt\">La presidenta del Partido Popular de la Comunitat Valenciana, Isabel Bonig, ha se\u00f1alado que el PP va a solicitar explicaciones a la consellera de Vivienda, Obras P\u00fablicas y Vertebraci\u00f3n del Territorio, Mar\u00eda Jos\u00e9 Salvador, en <a class=\"mh-excerpt-more\" href=\"https:\/\/www.tucomarca.com\/wordpress\/segunda\/isabel-bonig-pp-se-reune-con-empresarios-de-alzira\/\" title=\"Isabel Bonig (PP) se re\u00fane con empresarios de Alzira\">[+] <\/a><\/div>\n","protected":false},"author":2,"featured_media":41816,"comment_status":"open","ping_status":"open","sticky":false,"template":"","format":"standard","meta":{"footnotes":""},"categories":[69,8,42,142,3],"tags":[10402,572,4355,967],"class_list":{"0":"post-41815","1":"post","2":"type-post","3":"status-publish","4":"format-standard","5":"has-post-thumbnail","7":"category-alzira","8":"category-la-comarca","9":"category-la-ribera","10":"category-politica-la-comarca","11":"category-seccion","12":"tag-alzira","13":"tag-bonig","14":"tag-empresarios","15":"tag-reunion"},"_links":{"self":[{"href":"https:\/\/www.tucomarca.com\/wordpress\/segunda\/wp-json\/wp\/v2\/posts\/41815","targetHints":{"allow":["GET"]}}],"collection":[{"href":"https:\/\/www.tucomarca.com\/wordpress\/segunda\/wp-json\/wp\/v2\/posts"}],"about":[{"href":"https:\/\/www.tucomarca.com\/wordpress\/segunda\/wp-json\/wp\/v2\/types\/post"}],"author":[{"embeddable":true,"href":"https:\/\/www.tucomarca.com\/wordpress\/segunda\/wp-json\/wp\/v2\/users\/2"}],"replies":[{"embeddable":true,"href":"https:\/\/www.tucomarca.com\/wordpress\/segunda\/wp-json\/wp\/v2\/comments?post=41815"}],"version-history":[{"count":0,"href":"https:\/\/www.tucomarca.com\/wordpress\/segunda\/wp-json\/wp\/v2\/posts\/41815\/revisions"}],"wp:featuredmedia":[{"embeddable":true,"href":"https:\/\/www.tucomarca.com\/wordpress\/segunda\/wp-json\/wp\/v2\/media\/41816"}],"wp:attachment":[{"href":"https:\/\/www.tucomarca.com\/wordpress\/segunda\/wp-json\/wp\/v2\/media?parent=41815"}],"wp:term":[{"taxonomy":"category","embeddable":true,"href":"https:\/\/www.tucomarca.com\/wordpress\/segunda\/wp-json\/wp\/v2\/categories?post=41815"},{"taxonomy":"post_tag","embeddable":true,"href":"https:\/\/www.tucomarca.com\/wordpress\/segunda\/wp-json\/wp\/v2\/tags?post=41815"}],"curies":[{"name":"wp","href":"https:\/\/api.w.org\/{rel}","templated":true}]}}