{"id":4182,"date":"2012-06-26T17:46:14","date_gmt":"2012-06-26T15:46:14","guid":{"rendered":"http:\/\/www.tucomarca.com\/wordpress\/segunda\/?p=4182"},"modified":"2012-06-26T17:48:49","modified_gmt":"2012-06-26T15:48:49","slug":"la-diputacion-advierte-de-la-ola-de-calor-por-telefono-y-en-persona-a-los-16-300-usuarios-de-teleasistencia","status":"publish","type":"post","link":"https:\/\/www.tucomarca.com\/wordpress\/segunda\/la-diputacion-advierte-de-la-ola-de-calor-por-telefono-y-en-persona-a-los-16-300-usuarios-de-teleasistencia\/","title":{"rendered":"La Diputaci\u00f3n advierte de la ola de calor por tel\u00e9fono y en persona a los 16.300 usuarios de teleasistencia"},"content":{"rendered":"<figure id=\"attachment_4184\" aria-describedby=\"caption-attachment-4184\" style=\"width: 300px\" class=\"wp-caption alignleft\"><a href=\"https:\/\/www.tucomarca.com\/wordpress\/segunda\/wp-content\/uploads\/2012\/06\/teleasistencia.jpg\"><img loading=\"lazy\" decoding=\"async\" class=\"size-medium wp-image-4184\" title=\"teleasistencia\" src=\"https:\/\/www.tucomarca.com\/wordpress\/segunda\/wp-content\/uploads\/2012\/06\/teleasistencia-300x188.jpg\" alt=\"El Servicio provincial de teleasistencia trabaja las 24 horas todos los d\u00edas del a\u00f1o.\" width=\"300\" height=\"188\" srcset=\"https:\/\/www.tucomarca.com\/wordpress\/segunda\/wp-content\/uploads\/2012\/06\/teleasistencia-300x188.jpg 300w, https:\/\/www.tucomarca.com\/wordpress\/segunda\/wp-content\/uploads\/2012\/06\/teleasistencia-1024x641.jpg 1024w\" sizes=\"auto, (max-width: 300px) 100vw, 300px\" \/><\/a><figcaption id=\"caption-attachment-4184\" class=\"wp-caption-text\">El Servicio provincial de teleasistencia trabaja las 24 horas todos los d\u00edas del a\u00f1o.<\/figcaption><\/figure>\n<p>El Servicio Provincial de Teleasistencia de la Diputaci\u00f3n de Valencia est\u00e1 informando estos d\u00edas sobre la ola de calor mediante llamadas telef\u00f3nicas y visitas a domicilio preferentemente a personas mayores de 80 a\u00f1os con problemas cardiovasculares o respiratorios y a los que residen en municipios de interior de la provincia.<\/p>\n<p>La Diputaci\u00f3n de Valencia ha puesto en marcha un a\u00f1o m\u00e1s la campa\u00f1a \u201cOla de Calor\u201d, una iniciativa que se desarrollar\u00e1 hasta septiembre con motivo de las altas temperaturas y con la que se pretende paliar los efectos perjudiciales que pueden producir en la salud de las personas mayores.<\/p>\n<p>Paralelamente, se llevar\u00e1n a cabo otras actuaciones\u00a0 con el fin de difundir las medidas preventivas y las recomendaciones a seguir por este grupo de \u00a0poblaci\u00f3n. En esta l\u00ednea, se realizar\u00e1n entrevistas con las trabajadoras sociales de todos los municipios de Valencia y charlas espec\u00edficas sobre la ola de calor.<\/p>\n<p>Para desarrollar correctamente esta campa\u00f1a, Fonolar, la empresa adjudicataria de este servicio de la Diputaci\u00f3n, lleva diariamente un control para conocer cu\u00e1les son las zonas con preemergencia por ola de calor y realiza llamadas espec\u00edficas a los usuarios de aquellas comarcas o municipios en los que registran \u00a0temperaturas elevadas.<\/p>\n<p>En este sentido, se prioriza a aquellas personas con m\u00e1s de 80 a\u00f1os, que padecen enfermedades cardiovasculares y\/o respiratorias.<\/p>\n<p><strong>Medidas y recomendaciones<\/strong><\/p>\n<p>Desde el Centro de Atenci\u00f3n se informa de los consejos y recomendaciones ante una ola de calor:<\/p>\n<p>&#8211;\u00a0\u00a0\u00a0\u00a0\u00a0\u00a0\u00a0\u00a0 Beber abundante agua o l\u00edquidos sin esperar a tener sed, salvo si hay contraindicaci\u00f3n m\u00e9dica.<br \/>\n&#8211;\u00a0\u00a0\u00a0\u00a0\u00a0\u00a0\u00a0\u00a0 Evitar las salidas y actividades f\u00edsicas a las horas de m\u00e1s calor, y permanecer en lugares frescos y a la sombra.<br \/>\n&#8211;\u00a0\u00a0\u00a0\u00a0\u00a0\u00a0\u00a0\u00a0 Comer\u00a0 de manera ligera: verduras, frutas, gazpachos y zumos.<br \/>\n&#8211;\u00a0\u00a0\u00a0\u00a0\u00a0\u00a0\u00a0\u00a0 Utilizar\u00a0 ropa ligera, de colores claros y no apretados, con calzado fresco que transpire.<br \/>\n&#8211;\u00a0\u00a0\u00a0\u00a0\u00a0\u00a0\u00a0\u00a0 Protegerse del sol.<br \/>\n&#8211;\u00a0\u00a0\u00a0\u00a0\u00a0\u00a0\u00a0\u00a0 Bajar las persianas evitando que el sol entre directamente, no abrir las ventanas cuando la temperatura exterior sea m\u00e1s alta.<br \/>\n&#8211;\u00a0\u00a0\u00a0\u00a0\u00a0\u00a0\u00a0\u00a0 Y en caso de emergencia, pulsar el bot\u00f3n rojo para contactar con el servicio de teleasistencia.<\/p>\n<p>Entre los principales s\u00edntomas asociados a la ola de calor destacanlos mareos, las n\u00e1useas, y los problemas intestinales.<\/p>\n<p>En estas situaciones se aplica el protocolo de emergencias sanitarias, que consiste en recabar la m\u00e1xima informaci\u00f3n posible de lo que le ocurre al usuario, para poder identificar si se trata de un golpe de calor. En este caso, se llama\u00a0 al Centro de Salud para dejar el aviso domiciliario para que el m\u00e9dico se traslade a su domicilio y pueda atenderle.<\/p>\n<p>Posteriormente desde el Centro de Atenci\u00f3n se realizan una serie de llamadas de seguimiento, para comprobar el estado del usuario y su evoluci\u00f3n.<\/p>\n","protected":false},"excerpt":{"rendered":"<div class=\"mh-excerpt\">El Servicio Provincial de Teleasistencia de la Diputaci\u00f3n de Valencia est\u00e1 informando estos d\u00edas sobre la ola de calor mediante llamadas telef\u00f3nicas y visitas a domicilio preferentemente a personas mayores de 80 a\u00f1os con problemas <a class=\"mh-excerpt-more\" href=\"https:\/\/www.tucomarca.com\/wordpress\/segunda\/la-diputacion-advierte-de-la-ola-de-calor-por-telefono-y-en-persona-a-los-16-300-usuarios-de-teleasistencia\/\" title=\"La Diputaci\u00f3n advierte de la ola de calor por tel\u00e9fono y en persona a los 16.300 usuarios de teleasistencia\">[+] <\/a><\/div>\n","protected":false},"author":1,"featured_media":4184,"comment_status":"open","ping_status":"open","sticky":false,"template":"","format":"standard","meta":{"footnotes":""},"categories":[8,72,3,45],"tags":[],"class_list":{"0":"post-4182","1":"post","2":"type-post","3":"status-publish","4":"format-standard","5":"has-post-thumbnail","7":"category-la-comarca","8":"category-sin-categorizar","9":"category-seccion","10":"category-ventana"},"_links":{"self":[{"href":"https:\/\/www.tucomarca.com\/wordpress\/segunda\/wp-json\/wp\/v2\/posts\/4182","targetHints":{"allow":["GET"]}}],"collection":[{"href":"https:\/\/www.tucomarca.com\/wordpress\/segunda\/wp-json\/wp\/v2\/posts"}],"about":[{"href":"https:\/\/www.tucomarca.com\/wordpress\/segunda\/wp-json\/wp\/v2\/types\/post"}],"author":[{"embeddable":true,"href":"https:\/\/www.tucomarca.com\/wordpress\/segunda\/wp-json\/wp\/v2\/users\/1"}],"replies":[{"embeddable":true,"href":"https:\/\/www.tucomarca.com\/wordpress\/segunda\/wp-json\/wp\/v2\/comments?post=4182"}],"version-history":[{"count":0,"href":"https:\/\/www.tucomarca.com\/wordpress\/segunda\/wp-json\/wp\/v2\/posts\/4182\/revisions"}],"wp:featuredmedia":[{"embeddable":true,"href":"https:\/\/www.tucomarca.com\/wordpress\/segunda\/wp-json\/wp\/v2\/media\/4184"}],"wp:attachment":[{"href":"https:\/\/www.tucomarca.com\/wordpress\/segunda\/wp-json\/wp\/v2\/media?parent=4182"}],"wp:term":[{"taxonomy":"category","embeddable":true,"href":"https:\/\/www.tucomarca.com\/wordpress\/segunda\/wp-json\/wp\/v2\/categories?post=4182"},{"taxonomy":"post_tag","embeddable":true,"href":"https:\/\/www.tucomarca.com\/wordpress\/segunda\/wp-json\/wp\/v2\/tags?post=4182"}],"curies":[{"name":"wp","href":"https:\/\/api.w.org\/{rel}","templated":true}]}}