{"id":41918,"date":"2015-11-23T20:29:43","date_gmt":"2015-11-23T17:29:43","guid":{"rendered":"http:\/\/www.tucomarca.com\/wordpress\/segunda\/?p=41918"},"modified":"2015-11-23T20:29:43","modified_gmt":"2015-11-23T17:29:43","slug":"la-policia-de-requena-vigilara-la-velocidad-en-vias-urbanas","status":"publish","type":"post","link":"https:\/\/www.tucomarca.com\/wordpress\/segunda\/la-policia-de-requena-vigilara-la-velocidad-en-vias-urbanas\/","title":{"rendered":"La polic\u00eda de Requena vigilar\u00e1 la velocidad en v\u00edas urbanas"},"content":{"rendered":"<p>La Polic\u00eda Local de Requena comenzar\u00e1 esta semana una campa\u00f1a de control de velocidad en v\u00edas urbanas del municipio para concienciar a la poblaci\u00f3n del riesgo que supone circular a alta velocidad por zonas en las que transitan peatones.<\/p>\n<p>Gracias a la cesi\u00f3n gratuita por parte de Tr\u00e1fico de un radar m\u00f3vil, se controlar\u00e1 la velocidad con fines preventivos y para velar por la seguridad de los viandantes.<\/p>\n<p>Esta vigilancia se priorizar\u00e1 en las calles en las que exista gran cantidad de terrazas de hosteler\u00eda o en las que por su estrechez la circulaci\u00f3n resulte m\u00e1s dificultosa, ya que se ha observado que en calles como la de San Agust\u00edn hay coches que circulan a m\u00e1s de 50 km\/hora a apenas unos cent\u00edmetros de los clientes de las terrazas.<\/p>\n<p>Muchos de los accidentes que se producen cada semana en Requena (la mayor\u00eda sin heridos) podr\u00e1n evitarse si los conductores se conciencian de la necesidad de cumplir con las velocidades establecidas. Esta campa\u00f1a no tiene af\u00e1n recaudatorio y como muestra de ello se se\u00f1alizar\u00e1 con la suficiente distancia la presencia del radar m\u00f3vil, adem\u00e1s de la presente nota de prensa que pretende tener efectos disuasorios preventivos.<\/p>\n","protected":false},"excerpt":{"rendered":"<div class=\"mh-excerpt\">La Polic\u00eda Local de Requena comenzar\u00e1 esta semana una campa\u00f1a de control de velocidad en v\u00edas urbanas del municipio para concienciar a la poblaci\u00f3n del riesgo que supone circular a alta velocidad por zonas en <a class=\"mh-excerpt-more\" href=\"https:\/\/www.tucomarca.com\/wordpress\/segunda\/la-policia-de-requena-vigilara-la-velocidad-en-vias-urbanas\/\" title=\"La polic\u00eda de Requena vigilar\u00e1 la velocidad en v\u00edas urbanas\">[+] <\/a><\/div>\n","protected":false},"author":2,"featured_media":0,"comment_status":"open","ping_status":"open","sticky":false,"template":"","format":"standard","meta":{"footnotes":""},"categories":[8,28,27,3],"tags":[1033,10388,1747,9437,9436],"class_list":{"0":"post-41918","1":"post","2":"type-post","3":"status-publish","4":"format-standard","6":"category-la-comarca","7":"category-requena","8":"category-requena-utiel","9":"category-seccion","10":"tag-policia-local","11":"tag-requena","12":"tag-velocidad","13":"tag-vias-urbanas","14":"tag-vigilara"},"_links":{"self":[{"href":"https:\/\/www.tucomarca.com\/wordpress\/segunda\/wp-json\/wp\/v2\/posts\/41918","targetHints":{"allow":["GET"]}}],"collection":[{"href":"https:\/\/www.tucomarca.com\/wordpress\/segunda\/wp-json\/wp\/v2\/posts"}],"about":[{"href":"https:\/\/www.tucomarca.com\/wordpress\/segunda\/wp-json\/wp\/v2\/types\/post"}],"author":[{"embeddable":true,"href":"https:\/\/www.tucomarca.com\/wordpress\/segunda\/wp-json\/wp\/v2\/users\/2"}],"replies":[{"embeddable":true,"href":"https:\/\/www.tucomarca.com\/wordpress\/segunda\/wp-json\/wp\/v2\/comments?post=41918"}],"version-history":[{"count":0,"href":"https:\/\/www.tucomarca.com\/wordpress\/segunda\/wp-json\/wp\/v2\/posts\/41918\/revisions"}],"wp:attachment":[{"href":"https:\/\/www.tucomarca.com\/wordpress\/segunda\/wp-json\/wp\/v2\/media?parent=41918"}],"wp:term":[{"taxonomy":"category","embeddable":true,"href":"https:\/\/www.tucomarca.com\/wordpress\/segunda\/wp-json\/wp\/v2\/categories?post=41918"},{"taxonomy":"post_tag","embeddable":true,"href":"https:\/\/www.tucomarca.com\/wordpress\/segunda\/wp-json\/wp\/v2\/tags?post=41918"}],"curies":[{"name":"wp","href":"https:\/\/api.w.org\/{rel}","templated":true}]}}