{"id":42002,"date":"2015-11-25T16:30:16","date_gmt":"2015-11-25T13:30:16","guid":{"rendered":"http:\/\/www.tucomarca.com\/wordpress\/segunda\/?p=42002"},"modified":"2015-11-25T16:30:16","modified_gmt":"2015-11-25T13:30:16","slug":"requena-se-promociona-en-valencia","status":"publish","type":"post","link":"https:\/\/www.tucomarca.com\/wordpress\/segunda\/requena-se-promociona-en-valencia\/","title":{"rendered":"Requena se promociona en Valencia"},"content":{"rendered":"<p>Requena ha sido invitada desde el Patronato Provincial de Turismo Val\u00e9ncia, Terra i Mar, a promocionar nuestra ciudad en la Oficina de Promoci\u00f3n Provincial de Valencia. <\/p>\n<p>La Oficina, que se encuentra situada en el centro de Valencia, concretamente en la Calle del Poeta Querol, dispone de varios medios de difusi\u00f3n como son vitrina lateral, videomosaico, en el cual, a trav\u00e9s de fotos y v\u00eddeos, se promocionar\u00e1n los atractivos del municipio. <\/p>\n<p>La concejal\u00eda de Turismo y Cultura asegura que, esta orpotunidad de promocionar nuestros productos y nuestra tierra, es un importante atractivo, por lo que Requena estar\u00e1 estar\u00e1 perfectamente representada en esta oficina desde hoy d\u00eda 25 y hasta el s\u00e1bado 28 de noviembre.<\/p>\n<p>Adem\u00e1s de promocionar nuestros monumentos y casco hist\u00f3rico, se promocionar\u00e1 la gastronom\u00eda y en especial los cavas de Requena. Para ello se cuenta con la colaboraci\u00f3n de los artesanos del embutido de Requena y la Asociaci\u00f3n de Elaboradores del Cava, que proporcionar\u00e1n diversas desgustaciones para todo aquel que pase durante estos d\u00edas por este c\u00e9ntrico punto de la ciudad de Valencia.<\/p>\n","protected":false},"excerpt":{"rendered":"<div class=\"mh-excerpt\">Requena ha sido invitada desde el Patronato Provincial de Turismo Val\u00e9ncia, Terra i Mar, a promocionar nuestra ciudad en la Oficina de Promoci\u00f3n Provincial de Valencia. La Oficina, que se encuentra situada en el centro <a class=\"mh-excerpt-more\" href=\"https:\/\/www.tucomarca.com\/wordpress\/segunda\/requena-se-promociona-en-valencia\/\" title=\"Requena se promociona en Valencia\">[+] <\/a><\/div>\n","protected":false},"author":2,"featured_media":0,"comment_status":"open","ping_status":"open","sticky":false,"template":"","format":"standard","meta":{"footnotes":""},"categories":[8,28,27],"tags":[10388,9474,703,797],"class_list":{"0":"post-42002","1":"post","2":"type-post","3":"status-publish","4":"format-standard","6":"category-la-comarca","7":"category-requena","8":"category-requena-utiel","9":"tag-requena","10":"tag-se-posiciona","11":"tag-turismo","12":"tag-valencia"},"_links":{"self":[{"href":"https:\/\/www.tucomarca.com\/wordpress\/segunda\/wp-json\/wp\/v2\/posts\/42002","targetHints":{"allow":["GET"]}}],"collection":[{"href":"https:\/\/www.tucomarca.com\/wordpress\/segunda\/wp-json\/wp\/v2\/posts"}],"about":[{"href":"https:\/\/www.tucomarca.com\/wordpress\/segunda\/wp-json\/wp\/v2\/types\/post"}],"author":[{"embeddable":true,"href":"https:\/\/www.tucomarca.com\/wordpress\/segunda\/wp-json\/wp\/v2\/users\/2"}],"replies":[{"embeddable":true,"href":"https:\/\/www.tucomarca.com\/wordpress\/segunda\/wp-json\/wp\/v2\/comments?post=42002"}],"version-history":[{"count":0,"href":"https:\/\/www.tucomarca.com\/wordpress\/segunda\/wp-json\/wp\/v2\/posts\/42002\/revisions"}],"wp:attachment":[{"href":"https:\/\/www.tucomarca.com\/wordpress\/segunda\/wp-json\/wp\/v2\/media?parent=42002"}],"wp:term":[{"taxonomy":"category","embeddable":true,"href":"https:\/\/www.tucomarca.com\/wordpress\/segunda\/wp-json\/wp\/v2\/categories?post=42002"},{"taxonomy":"post_tag","embeddable":true,"href":"https:\/\/www.tucomarca.com\/wordpress\/segunda\/wp-json\/wp\/v2\/tags?post=42002"}],"curies":[{"name":"wp","href":"https:\/\/api.w.org\/{rel}","templated":true}]}}