{"id":42005,"date":"2015-11-25T16:34:29","date_gmt":"2015-11-25T13:34:29","guid":{"rendered":"http:\/\/www.tucomarca.com\/wordpress\/segunda\/?p=42005"},"modified":"2015-11-25T16:34:32","modified_gmt":"2015-11-25T13:34:32","slug":"turis-se-manifiesta-contra-la-violencia-machista","status":"publish","type":"post","link":"https:\/\/www.tucomarca.com\/wordpress\/segunda\/turis-se-manifiesta-contra-la-violencia-machista\/","title":{"rendered":"Tur\u00eds se manifiesta contra la Violencia Machista"},"content":{"rendered":"<p><figure id=\"attachment_42006\" aria-describedby=\"caption-attachment-42006\" style=\"width: 300px\" class=\"wp-caption alignleft\"><a href=\"https:\/\/www.tucomarca.com\/wordpress\/segunda\/2015\/11\/turis-se-manifiesta-contra-la-violencia-machista\/img_3223\/\" rel=\"attachment wp-att-42006\"><img loading=\"lazy\" decoding=\"async\" src=\"https:\/\/www.tucomarca.com\/wordpress\/segunda\/wp-content\/uploads\/2015\/11\/IMG_3223-e1448458440999-300x143.jpg\" alt=\"\" title=\"IMG_3223\" width=\"300\" height=\"143\" class=\"size-medium wp-image-42006\" srcset=\"https:\/\/www.tucomarca.com\/wordpress\/segunda\/wp-content\/uploads\/2015\/11\/IMG_3223-e1448458440999-300x143.jpg 300w, https:\/\/www.tucomarca.com\/wordpress\/segunda\/wp-content\/uploads\/2015\/11\/IMG_3223-e1448458440999-1024x489.jpg 1024w\" sizes=\"auto, (max-width: 300px) 100vw, 300px\" \/><\/a><figcaption id=\"caption-attachment-42006\" class=\"wp-caption-text\">El alcalde durante la lectura del manifiesto. tc.c<\/figcaption><\/figure>El Ayuntamiento de Tur\u00eds se ha unido a las diferentes administraciones p\u00fablicas, entidades y asociaciones para manifestarse en el d\u00eda Internacional Contra la Violencia Machista.<br \/>\nTras la lectura de un manifiesto a cargo de la Concejal de Bienestar Social, Mujer, Solidaridad y Tercera Edad, N\u00faria Montero, se ha procedido a recordar una a una a todas las mujeres que han perdido la vida a manos de sus agresores en 2015. El acto ha finalizado con un minuto de silencio en memoria de todas ellas.<br \/>\nLos actos para commemorar esta jornada se han completado con una charla a cargo de Coto Talens sobre \u00abLa revoluci\u00f3 de cuidar-se\u00bb.<\/p>\n","protected":false},"excerpt":{"rendered":"<div class=\"mh-excerpt\">El Ayuntamiento de Tur\u00eds se ha unido a las diferentes administraciones p\u00fablicas, entidades y asociaciones para manifestarse en el d\u00eda Internacional Contra la Violencia Machista. Tras la lectura de un manifiesto a cargo de la <a class=\"mh-excerpt-more\" href=\"https:\/\/www.tucomarca.com\/wordpress\/segunda\/turis-se-manifiesta-contra-la-violencia-machista\/\" title=\"Tur\u00eds se manifiesta contra la Violencia Machista\">[+] <\/a><\/div>\n","protected":false},"author":2,"featured_media":42006,"comment_status":"open","ping_status":"open","sticky":false,"template":"","format":"standard","meta":{"footnotes":""},"categories":[8,42,3,43,45],"tags":[8336,10394,9050],"class_list":{"0":"post-42005","1":"post","2":"type-post","3":"status-publish","4":"format-standard","5":"has-post-thumbnail","7":"category-la-comarca","8":"category-la-ribera","9":"category-seccion","10":"category-turis","11":"category-ventana","12":"tag-manifiesta","13":"tag-turis","14":"tag-violencia-machista"},"_links":{"self":[{"href":"https:\/\/www.tucomarca.com\/wordpress\/segunda\/wp-json\/wp\/v2\/posts\/42005","targetHints":{"allow":["GET"]}}],"collection":[{"href":"https:\/\/www.tucomarca.com\/wordpress\/segunda\/wp-json\/wp\/v2\/posts"}],"about":[{"href":"https:\/\/www.tucomarca.com\/wordpress\/segunda\/wp-json\/wp\/v2\/types\/post"}],"author":[{"embeddable":true,"href":"https:\/\/www.tucomarca.com\/wordpress\/segunda\/wp-json\/wp\/v2\/users\/2"}],"replies":[{"embeddable":true,"href":"https:\/\/www.tucomarca.com\/wordpress\/segunda\/wp-json\/wp\/v2\/comments?post=42005"}],"version-history":[{"count":0,"href":"https:\/\/www.tucomarca.com\/wordpress\/segunda\/wp-json\/wp\/v2\/posts\/42005\/revisions"}],"wp:featuredmedia":[{"embeddable":true,"href":"https:\/\/www.tucomarca.com\/wordpress\/segunda\/wp-json\/wp\/v2\/media\/42006"}],"wp:attachment":[{"href":"https:\/\/www.tucomarca.com\/wordpress\/segunda\/wp-json\/wp\/v2\/media?parent=42005"}],"wp:term":[{"taxonomy":"category","embeddable":true,"href":"https:\/\/www.tucomarca.com\/wordpress\/segunda\/wp-json\/wp\/v2\/categories?post=42005"},{"taxonomy":"post_tag","embeddable":true,"href":"https:\/\/www.tucomarca.com\/wordpress\/segunda\/wp-json\/wp\/v2\/tags?post=42005"}],"curies":[{"name":"wp","href":"https:\/\/api.w.org\/{rel}","templated":true}]}}