{"id":42023,"date":"2015-11-25T19:45:16","date_gmt":"2015-11-25T16:45:16","guid":{"rendered":"http:\/\/www.tucomarca.com\/wordpress\/segunda\/?p=42023"},"modified":"2015-11-25T19:45:16","modified_gmt":"2015-11-25T16:45:16","slug":"colomer-se-ha-reunido-con-los-alcaldes-de-chelva-y-cortes-de-arenoso","status":"publish","type":"post","link":"https:\/\/www.tucomarca.com\/wordpress\/segunda\/colomer-se-ha-reunido-con-los-alcaldes-de-chelva-y-cortes-de-arenoso\/","title":{"rendered":"Colomer se ha reunido con los alcaldes de Chelva y Cortes de Arenoso"},"content":{"rendered":"<p>El secretario auton\u00f3mico de Turismo, Francesc Colomer, se ha reunido en Valencia con el alcalde de Chelva, Robert Rubio, y posteriormente, con el alcalde de Cortes de Arenoso, Javier Vilau. \u00c9stas han sido las primeras tomas de contacto entre las corporaciones municipales y el responsable de la pol\u00edtica tur\u00edstica de la Generalitat, en las que han acordado colaborar activamente para poner en valor los recursos tur\u00edsticos de ambas localidades.<\/p>\n<p>En el encuentro con el alcalde de Chelva, Robert Rubio, se han tratado asuntos para mejorar la imagen tur\u00edstica de este destino de la comarca de Los Serrano. Por otra parte, en el encuentro con el alcalde de Cortes de Arenoso, Javier Vilau, se ha tratado el tema de la posible rehabilitaci\u00f3n de la Casa Marqu\u00e9s del Real Agrado para museo hist\u00f3rico y etnogr\u00e1fico, adem\u00e1s de impulsar otros recursos del municipio.<\/p>\n<p>Para Colomer es importante \u00abimpulsar la diferenciaci\u00f3n de nuestra oferta y potenciar las singularidades de nuestros destinos\u00bb. Adem\u00e1s, el titular de Turisme ha explicado que \u00abha llegado la hora del interior y es el momento de poner sobre la mesa proyectos de vertebraci\u00f3n de territorios\u00bb, y en esta l\u00ednea, ha se\u00f1alado que \u00abdesde la Generalitat estamos trabajando para impulsar el turismo de interior y complementarlo con otros productos\u00bb.<\/p>\n","protected":false},"excerpt":{"rendered":"<div class=\"mh-excerpt\">El secretario auton\u00f3mico de Turismo, Francesc Colomer, se ha reunido en Valencia con el alcalde de Chelva, Robert Rubio, y posteriormente, con el alcalde de Cortes de Arenoso, Javier Vilau. \u00c9stas han sido las primeras <a class=\"mh-excerpt-more\" href=\"https:\/\/www.tucomarca.com\/wordpress\/segunda\/colomer-se-ha-reunido-con-los-alcaldes-de-chelva-y-cortes-de-arenoso\/\" title=\"Colomer se ha reunido con los alcaldes de Chelva y Cortes de Arenoso\">[+] <\/a><\/div>\n","protected":false},"author":2,"featured_media":0,"comment_status":"open","ping_status":"open","sticky":false,"template":"","format":"standard","meta":{"footnotes":""},"categories":[188,8,59,3],"tags":[968,10442,8979,9481,967],"class_list":{"0":"post-42023","1":"post","2":"type-post","3":"status-publish","4":"format-standard","6":"category-chelva","7":"category-la-comarca","8":"category-los-serranos","9":"category-seccion","10":"tag-alcalde","11":"tag-chelva","12":"tag-colomer","13":"tag-cortes-de-arenoso","14":"tag-reunion"},"_links":{"self":[{"href":"https:\/\/www.tucomarca.com\/wordpress\/segunda\/wp-json\/wp\/v2\/posts\/42023","targetHints":{"allow":["GET"]}}],"collection":[{"href":"https:\/\/www.tucomarca.com\/wordpress\/segunda\/wp-json\/wp\/v2\/posts"}],"about":[{"href":"https:\/\/www.tucomarca.com\/wordpress\/segunda\/wp-json\/wp\/v2\/types\/post"}],"author":[{"embeddable":true,"href":"https:\/\/www.tucomarca.com\/wordpress\/segunda\/wp-json\/wp\/v2\/users\/2"}],"replies":[{"embeddable":true,"href":"https:\/\/www.tucomarca.com\/wordpress\/segunda\/wp-json\/wp\/v2\/comments?post=42023"}],"version-history":[{"count":0,"href":"https:\/\/www.tucomarca.com\/wordpress\/segunda\/wp-json\/wp\/v2\/posts\/42023\/revisions"}],"wp:attachment":[{"href":"https:\/\/www.tucomarca.com\/wordpress\/segunda\/wp-json\/wp\/v2\/media?parent=42023"}],"wp:term":[{"taxonomy":"category","embeddable":true,"href":"https:\/\/www.tucomarca.com\/wordpress\/segunda\/wp-json\/wp\/v2\/categories?post=42023"},{"taxonomy":"post_tag","embeddable":true,"href":"https:\/\/www.tucomarca.com\/wordpress\/segunda\/wp-json\/wp\/v2\/tags?post=42023"}],"curies":[{"name":"wp","href":"https:\/\/api.w.org\/{rel}","templated":true}]}}