{"id":4210,"date":"2012-06-25T23:46:37","date_gmt":"2012-06-25T21:46:37","guid":{"rendered":"http:\/\/www.tucomarca.com\/wordpress\/segunda\/?p=4210"},"modified":"2012-06-26T19:48:56","modified_gmt":"2012-06-26T17:48:56","slug":"video-junta-general-de-accionistas-de-la-empresa-publica-buinsa-de-bunol","status":"publish","type":"post","link":"https:\/\/www.tucomarca.com\/wordpress\/segunda\/video-junta-general-de-accionistas-de-la-empresa-publica-buinsa-de-bunol\/","title":{"rendered":"V\u00eddeo: Junta general de accionistas de la empresa p\u00fablica Buinsa, de Bu\u00f1ol"},"content":{"rendered":"<p>Para quien ni haya tenido ocasi\u00f3n de seguir en directo a trav\u00e9s de  tucomarca televisi\u00f3n la Junta general de accionistas de la empresa  p\u00fablica Buinsa, previa al pleno desarrollado este lunes en Bu\u00f1ol, aqu\u00ed  ten\u00e9is el v\u00eddeo.<\/p>\n","protected":false},"excerpt":{"rendered":"<div class=\"mh-excerpt\">Para quien ni haya tenido ocasi\u00f3n de seguir en directo a trav\u00e9s de tucomarca televisi\u00f3n la Junta general de accionistas de la empresa p\u00fablica Buinsa, previa al pleno desarrollado este lunes en Bu\u00f1ol, aqu\u00ed ten\u00e9is <a class=\"mh-excerpt-more\" href=\"https:\/\/www.tucomarca.com\/wordpress\/segunda\/video-junta-general-de-accionistas-de-la-empresa-publica-buinsa-de-bunol\/\" title=\"V\u00eddeo: Junta general de accionistas de la empresa p\u00fablica Buinsa, de Bu\u00f1ol\">[+] <\/a><\/div>\n","protected":false},"author":1,"featured_media":0,"comment_status":"open","ping_status":"open","sticky":false,"template":"","format":"standard","meta":{"footnotes":""},"categories":[18,8,10,142,3,26],"tags":[],"class_list":{"0":"post-4210","1":"post","2":"type-post","3":"status-publish","4":"format-standard","6":"category-bunol","7":"category-la-comarca","8":"category-la-hoya","9":"category-politica-la-comarca","10":"category-seccion","11":"category-video"},"_links":{"self":[{"href":"https:\/\/www.tucomarca.com\/wordpress\/segunda\/wp-json\/wp\/v2\/posts\/4210","targetHints":{"allow":["GET"]}}],"collection":[{"href":"https:\/\/www.tucomarca.com\/wordpress\/segunda\/wp-json\/wp\/v2\/posts"}],"about":[{"href":"https:\/\/www.tucomarca.com\/wordpress\/segunda\/wp-json\/wp\/v2\/types\/post"}],"author":[{"embeddable":true,"href":"https:\/\/www.tucomarca.com\/wordpress\/segunda\/wp-json\/wp\/v2\/users\/1"}],"replies":[{"embeddable":true,"href":"https:\/\/www.tucomarca.com\/wordpress\/segunda\/wp-json\/wp\/v2\/comments?post=4210"}],"version-history":[{"count":0,"href":"https:\/\/www.tucomarca.com\/wordpress\/segunda\/wp-json\/wp\/v2\/posts\/4210\/revisions"}],"wp:attachment":[{"href":"https:\/\/www.tucomarca.com\/wordpress\/segunda\/wp-json\/wp\/v2\/media?parent=4210"}],"wp:term":[{"taxonomy":"category","embeddable":true,"href":"https:\/\/www.tucomarca.com\/wordpress\/segunda\/wp-json\/wp\/v2\/categories?post=4210"},{"taxonomy":"post_tag","embeddable":true,"href":"https:\/\/www.tucomarca.com\/wordpress\/segunda\/wp-json\/wp\/v2\/tags?post=4210"}],"curies":[{"name":"wp","href":"https:\/\/api.w.org\/{rel}","templated":true}]}}