{"id":4213,"date":"2012-06-25T23:50:04","date_gmt":"2012-06-25T21:50:04","guid":{"rendered":"http:\/\/www.tucomarca.com\/wordpress\/segunda\/?p=4213"},"modified":"2012-06-26T19:51:44","modified_gmt":"2012-06-26T17:51:44","slug":"video-de-la-sesion-plenaria-del-ayuntamiento-de-bunol-del-25-de-junio-de-2012","status":"publish","type":"post","link":"https:\/\/www.tucomarca.com\/wordpress\/segunda\/video-de-la-sesion-plenaria-del-ayuntamiento-de-bunol-del-25-de-junio-de-2012\/","title":{"rendered":"V\u00eddeo de la sesi\u00f3n plenaria del Ayuntamiento de Bu\u00f1ol del 25 de junio de 2012"},"content":{"rendered":"<p>\ufeff\ufeffSesi\u00f3n plenaria ordinaria del Ayuntamiento de Bu\u00f1ol retransmitida en directo por <strong>tucomarca televisi\u00f3n<\/strong> el lunes 25 de junio de 2012, que se ha caracterizado por el abandono de la sala de plenos por los siete integrantes del Partido Popular \u00abante los insultos del alcalde, Joaqu\u00edn Masmano (EU)\u00bb, seg\u00fan han dicho desde el PP.<\/p>\n","protected":false},"excerpt":{"rendered":"<div class=\"mh-excerpt\">\ufeff\ufeffSesi\u00f3n plenaria ordinaria del Ayuntamiento de Bu\u00f1ol retransmitida en directo por tucomarca televisi\u00f3n el lunes 25 de junio de 2012, que se ha caracterizado por el abandono de la sala de plenos por los siete <a class=\"mh-excerpt-more\" href=\"https:\/\/www.tucomarca.com\/wordpress\/segunda\/video-de-la-sesion-plenaria-del-ayuntamiento-de-bunol-del-25-de-junio-de-2012\/\" title=\"V\u00eddeo de la sesi\u00f3n plenaria del Ayuntamiento de Bu\u00f1ol del 25 de junio de 2012\">[+] <\/a><\/div>\n","protected":false},"author":1,"featured_media":0,"comment_status":"open","ping_status":"open","sticky":false,"template":"","format":"standard","meta":{"footnotes":""},"categories":[18,8,10,142,3,26],"tags":[],"class_list":{"0":"post-4213","1":"post","2":"type-post","3":"status-publish","4":"format-standard","6":"category-bunol","7":"category-la-comarca","8":"category-la-hoya","9":"category-politica-la-comarca","10":"category-seccion","11":"category-video"},"_links":{"self":[{"href":"https:\/\/www.tucomarca.com\/wordpress\/segunda\/wp-json\/wp\/v2\/posts\/4213","targetHints":{"allow":["GET"]}}],"collection":[{"href":"https:\/\/www.tucomarca.com\/wordpress\/segunda\/wp-json\/wp\/v2\/posts"}],"about":[{"href":"https:\/\/www.tucomarca.com\/wordpress\/segunda\/wp-json\/wp\/v2\/types\/post"}],"author":[{"embeddable":true,"href":"https:\/\/www.tucomarca.com\/wordpress\/segunda\/wp-json\/wp\/v2\/users\/1"}],"replies":[{"embeddable":true,"href":"https:\/\/www.tucomarca.com\/wordpress\/segunda\/wp-json\/wp\/v2\/comments?post=4213"}],"version-history":[{"count":0,"href":"https:\/\/www.tucomarca.com\/wordpress\/segunda\/wp-json\/wp\/v2\/posts\/4213\/revisions"}],"wp:attachment":[{"href":"https:\/\/www.tucomarca.com\/wordpress\/segunda\/wp-json\/wp\/v2\/media?parent=4213"}],"wp:term":[{"taxonomy":"category","embeddable":true,"href":"https:\/\/www.tucomarca.com\/wordpress\/segunda\/wp-json\/wp\/v2\/categories?post=4213"},{"taxonomy":"post_tag","embeddable":true,"href":"https:\/\/www.tucomarca.com\/wordpress\/segunda\/wp-json\/wp\/v2\/tags?post=4213"}],"curies":[{"name":"wp","href":"https:\/\/api.w.org\/{rel}","templated":true}]}}