{"id":42222,"date":"2015-12-01T02:38:23","date_gmt":"2015-11-30T23:38:23","guid":{"rendered":"http:\/\/www.tucomarca.com\/wordpress\/segunda\/?p=42222"},"modified":"2015-12-01T02:38:23","modified_gmt":"2015-11-30T23:38:23","slug":"video-sesion-plenaria-ordinaria-ayuntamiento-de-bunol-del-lunes-30-de-noviembre","status":"publish","type":"post","link":"https:\/\/www.tucomarca.com\/wordpress\/segunda\/video-sesion-plenaria-ordinaria-ayuntamiento-de-bunol-del-lunes-30-de-noviembre\/","title":{"rendered":"V\u00eddeo: sesi\u00f3n plenaria ordinaria Ayuntamiento de Bu\u00f1ol del lunes 30 de noviembre"},"content":{"rendered":"<p>Para quien no la haya podido seguir en directo, aqu\u00ed os dejamos el v\u00eddeo de la sesi\u00f3n plenaria ordinaria del Ayuntamiento de Bu\u00f1ol, que ha emitido en directo <strong>tucomarca televisi\u00f3n<\/strong> este lunes, 30 de noviembre de 2015.<\/p>\n","protected":false},"excerpt":{"rendered":"<div class=\"mh-excerpt\">Para quien no la haya podido seguir en directo, aqu\u00ed os dejamos el v\u00eddeo de la sesi\u00f3n plenaria ordinaria del Ayuntamiento de Bu\u00f1ol, que ha emitido en directo tucomarca televisi\u00f3n este lunes, 30 de noviembre <a class=\"mh-excerpt-more\" href=\"https:\/\/www.tucomarca.com\/wordpress\/segunda\/video-sesion-plenaria-ordinaria-ayuntamiento-de-bunol-del-lunes-30-de-noviembre\/\" title=\"V\u00eddeo: sesi\u00f3n plenaria ordinaria Ayuntamiento de Bu\u00f1ol del lunes 30 de noviembre\">[+] <\/a><\/div>\n","protected":false},"author":1,"featured_media":0,"comment_status":"open","ping_status":"open","sticky":false,"template":"","format":"standard","meta":{"footnotes":""},"categories":[18,8,10,142,3,26],"tags":[],"class_list":{"0":"post-42222","1":"post","2":"type-post","3":"status-publish","4":"format-standard","6":"category-bunol","7":"category-la-comarca","8":"category-la-hoya","9":"category-politica-la-comarca","10":"category-seccion","11":"category-video"},"_links":{"self":[{"href":"https:\/\/www.tucomarca.com\/wordpress\/segunda\/wp-json\/wp\/v2\/posts\/42222","targetHints":{"allow":["GET"]}}],"collection":[{"href":"https:\/\/www.tucomarca.com\/wordpress\/segunda\/wp-json\/wp\/v2\/posts"}],"about":[{"href":"https:\/\/www.tucomarca.com\/wordpress\/segunda\/wp-json\/wp\/v2\/types\/post"}],"author":[{"embeddable":true,"href":"https:\/\/www.tucomarca.com\/wordpress\/segunda\/wp-json\/wp\/v2\/users\/1"}],"replies":[{"embeddable":true,"href":"https:\/\/www.tucomarca.com\/wordpress\/segunda\/wp-json\/wp\/v2\/comments?post=42222"}],"version-history":[{"count":0,"href":"https:\/\/www.tucomarca.com\/wordpress\/segunda\/wp-json\/wp\/v2\/posts\/42222\/revisions"}],"wp:attachment":[{"href":"https:\/\/www.tucomarca.com\/wordpress\/segunda\/wp-json\/wp\/v2\/media?parent=42222"}],"wp:term":[{"taxonomy":"category","embeddable":true,"href":"https:\/\/www.tucomarca.com\/wordpress\/segunda\/wp-json\/wp\/v2\/categories?post=42222"},{"taxonomy":"post_tag","embeddable":true,"href":"https:\/\/www.tucomarca.com\/wordpress\/segunda\/wp-json\/wp\/v2\/tags?post=42222"}],"curies":[{"name":"wp","href":"https:\/\/api.w.org\/{rel}","templated":true}]}}