{"id":4226,"date":"2012-06-27T11:09:21","date_gmt":"2012-06-27T09:09:21","guid":{"rendered":"http:\/\/www.tucomarca.com\/wordpress\/segunda\/?p=4226"},"modified":"2012-06-27T11:09:21","modified_gmt":"2012-06-27T09:09:21","slug":"el-sindicato-csi%c2%b7f-explica-a-la-presidenta-de-la-fvmp-la-agrupacion-de-partidos-y-la-amortizacion-de-plazas-en-justicia","status":"publish","type":"post","link":"https:\/\/www.tucomarca.com\/wordpress\/segunda\/el-sindicato-csi%c2%b7f-explica-a-la-presidenta-de-la-fvmp-la-agrupacion-de-partidos-y-la-amortizacion-de-plazas-en-justicia\/","title":{"rendered":"El sindicato CSI\u00b7F explica a la presidenta de la FVMP la agrupaci\u00f3n de partidos y la amortizaci\u00f3n de plazas en Justicia"},"content":{"rendered":"<figure id=\"attachment_4227\" aria-describedby=\"caption-attachment-4227\" style=\"width: 300px\" class=\"wp-caption alignleft\"><a href=\"https:\/\/www.tucomarca.com\/wordpress\/segunda\/wp-content\/uploads\/2012\/06\/CSIF-Bastidas.jpg\"><img loading=\"lazy\" decoding=\"async\" class=\"size-medium wp-image-4227\" title=\"CSIF-Bastidas\" src=\"https:\/\/www.tucomarca.com\/wordpress\/segunda\/wp-content\/uploads\/2012\/06\/CSIF-Bastidas-300x199.jpg\" alt=\"Los responsables del sindicato junto a Elena Bastidas.\" width=\"300\" height=\"199\" \/><\/a><figcaption id=\"caption-attachment-4227\" class=\"wp-caption-text\">Los responsables del sindicato junto a Elena Bastidas.<\/figcaption><\/figure>\n<p>El sindicato CSI\u00b7F ha explicado a la presidenta de la Federaci\u00f3n Valenciana de Municipios y Provincias (FVMP), Elena Bastidas, el \u00abdeterioro que para la atenci\u00f3n al ciudadano supondr\u00e1 la agrupaci\u00f3n de partidos judiciales proyectada por el Ministerio y la Conselleria de Justicia. Esta circunstancia obligar\u00e1 a los vecinos a aumentar los desplazamientos para acceder a los tr\u00e1mites judiciales\u00bb, tal como han informado fuentes del sindicato.<\/p>\n<p>La Central Sindical Independiente y de Funcionarios (CSI\u00b7F) ha mantenido una reuni\u00f3n con la presidenta de la entidad que representa a los municipios valencianos y alcaldesa de Alzira. La mandataria, que asegur\u00f3 \u00abno haber recibido informaci\u00f3n oficial al respecto\u00bb, agradeci\u00f3 la explicaci\u00f3n de los representantes del sindicato y les coment\u00f3 que \u00abrecabar\u00eda documentaci\u00f3n de Conselleria y que defender\u00eda los intereses de los ciudadanos\u00bb.<\/p>\n<p>CSI\u00b7F tambi\u00e9n puso en conocimiento de Bastidas \u00abla pol\u00edtica de amortizaciones de funcionarios judiciales que sufren algunos partidos judiciales\u00bb y le expuso como ejemplos Requena, Quart de Poblet, Gandia y Valencia. El sindicato y la FVMP quedaron en mantener futuras citas para evitar el deterioro de los servicios p\u00fablicos.<\/p>\n","protected":false},"excerpt":{"rendered":"<div class=\"mh-excerpt\">El sindicato CSI\u00b7F ha explicado a la presidenta de la Federaci\u00f3n Valenciana de Municipios y Provincias (FVMP), Elena Bastidas, el \u00abdeterioro que para la atenci\u00f3n al ciudadano supondr\u00e1 la agrupaci\u00f3n de partidos judiciales proyectada por <a class=\"mh-excerpt-more\" href=\"https:\/\/www.tucomarca.com\/wordpress\/segunda\/el-sindicato-csi%c2%b7f-explica-a-la-presidenta-de-la-fvmp-la-agrupacion-de-partidos-y-la-amortizacion-de-plazas-en-justicia\/\" title=\"El sindicato CSI\u00b7F explica a la presidenta de la FVMP la agrupaci\u00f3n de partidos y la amortizaci\u00f3n de plazas en Justicia\">[+] <\/a><\/div>\n","protected":false},"author":1,"featured_media":4227,"comment_status":"open","ping_status":"open","sticky":false,"template":"","format":"standard","meta":{"footnotes":""},"categories":[69,8,42,3,45],"tags":[],"class_list":{"0":"post-4226","1":"post","2":"type-post","3":"status-publish","4":"format-standard","5":"has-post-thumbnail","7":"category-alzira","8":"category-la-comarca","9":"category-la-ribera","10":"category-seccion","11":"category-ventana"},"_links":{"self":[{"href":"https:\/\/www.tucomarca.com\/wordpress\/segunda\/wp-json\/wp\/v2\/posts\/4226","targetHints":{"allow":["GET"]}}],"collection":[{"href":"https:\/\/www.tucomarca.com\/wordpress\/segunda\/wp-json\/wp\/v2\/posts"}],"about":[{"href":"https:\/\/www.tucomarca.com\/wordpress\/segunda\/wp-json\/wp\/v2\/types\/post"}],"author":[{"embeddable":true,"href":"https:\/\/www.tucomarca.com\/wordpress\/segunda\/wp-json\/wp\/v2\/users\/1"}],"replies":[{"embeddable":true,"href":"https:\/\/www.tucomarca.com\/wordpress\/segunda\/wp-json\/wp\/v2\/comments?post=4226"}],"version-history":[{"count":0,"href":"https:\/\/www.tucomarca.com\/wordpress\/segunda\/wp-json\/wp\/v2\/posts\/4226\/revisions"}],"wp:featuredmedia":[{"embeddable":true,"href":"https:\/\/www.tucomarca.com\/wordpress\/segunda\/wp-json\/wp\/v2\/media\/4227"}],"wp:attachment":[{"href":"https:\/\/www.tucomarca.com\/wordpress\/segunda\/wp-json\/wp\/v2\/media?parent=4226"}],"wp:term":[{"taxonomy":"category","embeddable":true,"href":"https:\/\/www.tucomarca.com\/wordpress\/segunda\/wp-json\/wp\/v2\/categories?post=4226"},{"taxonomy":"post_tag","embeddable":true,"href":"https:\/\/www.tucomarca.com\/wordpress\/segunda\/wp-json\/wp\/v2\/tags?post=4226"}],"curies":[{"name":"wp","href":"https:\/\/api.w.org\/{rel}","templated":true}]}}