{"id":4231,"date":"2012-06-27T11:28:26","date_gmt":"2012-06-27T09:28:26","guid":{"rendered":"http:\/\/www.tucomarca.com\/wordpress\/segunda\/?p=4231"},"modified":"2012-06-27T12:17:56","modified_gmt":"2012-06-27T10:17:56","slug":"rafael-casero-presenta-en-la-biblioteca-de-bunol-su-libro-sobre-la-simbologia-masonica-del-cementerio-local","status":"publish","type":"post","link":"https:\/\/www.tucomarca.com\/wordpress\/segunda\/rafael-casero-presenta-en-la-biblioteca-de-bunol-su-libro-sobre-la-simbologia-masonica-del-cementerio-local\/","title":{"rendered":"Rafael Casero presenta en la biblioteca de Bu\u00f1ol su libro sobre la simbolog\u00eda mas\u00f3nica del cementerio local"},"content":{"rendered":"<figure id=\"attachment_1593\" aria-describedby=\"caption-attachment-1593\" style=\"width: 243px\" class=\"wp-caption alignleft\"><a href=\"https:\/\/www.tucomarca.com\/wordpress\/segunda\/wp-content\/uploads\/2012\/05\/rafa-casero-face-e1340789067324.jpg\"><img loading=\"lazy\" decoding=\"async\" class=\"size-medium wp-image-1593\" title=\"rafa casero face\" src=\"https:\/\/www.tucomarca.com\/wordpress\/segunda\/wp-content\/uploads\/2012\/05\/rafa-casero-face-243x300.jpg\" alt=\"El autor del trabajo, el bu\u00f1olense Rafael Casero.\" width=\"243\" height=\"300\" \/><\/a><figcaption id=\"caption-attachment-1593\" class=\"wp-caption-text\">El autor del trabajo, el bu\u00f1olense Rafael Casero.<\/figcaption><\/figure>\n<p>Este viernes, 29 de junio, la Biblioteca Municipal de Bu\u00f1ol acoge, a partir de las 19,00 horas, la presentaci\u00f3n del libro <em>Acercamiento a la simbolog\u00eda mas\u00f3nica del cementerio de Bu\u00f1ol<\/em>, escrito por el bu\u00f1olense Rafael Casero, un texto que tuvo su anticipo semanas atr\u00e1s con la puesta de largo de la gu\u00eda r\u00e1pida.<\/p>\n<p>Como se ha informado, ser\u00e1 el propio autor quien oficialice esta puesta de largo en el Molino Gal\u00e1n. Las particularidades del campo santo de Bu\u00f1ol y la notable presencia de s\u00edmbolos mas\u00f3nicos son abordados por este inquieto vecino que, como reconoci\u00f3 d\u00edas atr\u00e1s a este semanario, tuvo que realizar un intenso trabajo de documentaci\u00f3n, \u00abpues s\u00f3lo ten\u00eda el conocimiento del tema a nivel usuario\u00bb.<\/p>\n<p>M\u00e1s informaci\u00f3n, en la edici\u00f3n impresa de esta semana (n\u00ba 455) de<strong> tucomarca.com<\/strong> para La Hoya de Bu\u00f1ol-Chiva y comarcas lim\u00edtrofes.<\/p>\n","protected":false},"excerpt":{"rendered":"<div class=\"mh-excerpt\">Este viernes, 29 de junio, la Biblioteca Municipal de Bu\u00f1ol acoge, a partir de las 19,00 horas, la presentaci\u00f3n del libro Acercamiento a la simbolog\u00eda mas\u00f3nica del cementerio de Bu\u00f1ol, escrito por el bu\u00f1olense Rafael <a class=\"mh-excerpt-more\" href=\"https:\/\/www.tucomarca.com\/wordpress\/segunda\/rafael-casero-presenta-en-la-biblioteca-de-bunol-su-libro-sobre-la-simbologia-masonica-del-cementerio-local\/\" title=\"Rafael Casero presenta en la biblioteca de Bu\u00f1ol su libro sobre la simbolog\u00eda mas\u00f3nica del cementerio local\">[+] <\/a><\/div>\n","protected":false},"author":1,"featured_media":1593,"comment_status":"open","ping_status":"open","sticky":false,"template":"","format":"standard","meta":{"footnotes":""},"categories":[4,18,10,3],"tags":[],"class_list":{"0":"post-4231","1":"post","2":"type-post","3":"status-publish","4":"format-standard","5":"has-post-thumbnail","7":"category-agenda","8":"category-bunol","9":"category-la-hoya","10":"category-seccion"},"_links":{"self":[{"href":"https:\/\/www.tucomarca.com\/wordpress\/segunda\/wp-json\/wp\/v2\/posts\/4231","targetHints":{"allow":["GET"]}}],"collection":[{"href":"https:\/\/www.tucomarca.com\/wordpress\/segunda\/wp-json\/wp\/v2\/posts"}],"about":[{"href":"https:\/\/www.tucomarca.com\/wordpress\/segunda\/wp-json\/wp\/v2\/types\/post"}],"author":[{"embeddable":true,"href":"https:\/\/www.tucomarca.com\/wordpress\/segunda\/wp-json\/wp\/v2\/users\/1"}],"replies":[{"embeddable":true,"href":"https:\/\/www.tucomarca.com\/wordpress\/segunda\/wp-json\/wp\/v2\/comments?post=4231"}],"version-history":[{"count":0,"href":"https:\/\/www.tucomarca.com\/wordpress\/segunda\/wp-json\/wp\/v2\/posts\/4231\/revisions"}],"wp:featuredmedia":[{"embeddable":true,"href":"https:\/\/www.tucomarca.com\/wordpress\/segunda\/wp-json\/wp\/v2\/media\/1593"}],"wp:attachment":[{"href":"https:\/\/www.tucomarca.com\/wordpress\/segunda\/wp-json\/wp\/v2\/media?parent=4231"}],"wp:term":[{"taxonomy":"category","embeddable":true,"href":"https:\/\/www.tucomarca.com\/wordpress\/segunda\/wp-json\/wp\/v2\/categories?post=4231"},{"taxonomy":"post_tag","embeddable":true,"href":"https:\/\/www.tucomarca.com\/wordpress\/segunda\/wp-json\/wp\/v2\/tags?post=4231"}],"curies":[{"name":"wp","href":"https:\/\/api.w.org\/{rel}","templated":true}]}}