{"id":42324,"date":"2015-12-02T20:15:24","date_gmt":"2015-12-02T17:15:24","guid":{"rendered":"http:\/\/www.tucomarca.com\/wordpress\/segunda\/?p=42324"},"modified":"2015-12-02T20:15:24","modified_gmt":"2015-12-02T17:15:24","slug":"el-proxim-11-de-desembre-es-lliuren-els-premis-comtessa-maria-de-luna-en-la-pobla-de-vallbona","status":"publish","type":"post","link":"https:\/\/www.tucomarca.com\/wordpress\/segunda\/el-proxim-11-de-desembre-es-lliuren-els-premis-comtessa-maria-de-luna-en-la-pobla-de-vallbona\/","title":{"rendered":"El pr\u00f2xim 11 de desembre es lliuren els premis Comtessa Mar\u00eda de Luna en La Pobla de Vallbona"},"content":{"rendered":"<p>L\u2019Ajuntament de la Pobla de Vallbona ultima els detalls de la tercera edici\u00f3 dels Premis Comtessa Mar\u00eda de Luna. Uns guardons que representen un reconeixement p\u00fablic a persones i entitats de la localitat pel seu exemple en diferents \u00e0mbits socials i culturals.<br \/>\nL\u2019edici\u00f3 d\u2019enguany te nombroses novetats. S\u2019han reconfigurat les categories i el nombre de premiats. Hi haur\u00e0 cinc guardons: premi al m\u00e8rit cultural, premi pedagogia i coneixements, premi lletres valencianes i divulgaci\u00f3, premi al m\u00e8rit social i premi ambaixador. Una altra de les novetats d\u2019enguany \u00e9s que han sigut els propis ve\u00efns i ve\u00efnes de la Pobla els que han proposat candidatures. En total han arribat m\u00e9s d\u2019una trentena de propostes que han hagut de ser analitzades pel jurat. Un jurat que tamb\u00e9 ha tingut canvis significatius en esta tercera edici\u00f3 dels premis. Per primera volta s\u2019ha volgut donar veu i vot a les associacions i entitats de la Pobla i per aix\u00f2 entre els membres del jurat hi ha representants de l\u2019associaci\u00f3 de ve\u00efns Vista Calderona,de  l\u2019associaci\u00f3 de Ve\u00efns Valentia, de l\u2019associaci\u00f3 d\u2019ames de casa Tyrius, del grup Scout Alba, del Centre d\u2019Estudis Locals i de la Corporaci\u00f3 Musical de la Pobla de Vallbona que juntament amb responsables i t\u00e8cnics de l\u2019Ajuntament han tingut la dif\u00edcil tasca de triar els guardonats d\u2019enguany.<br \/>\nLa gala de lliurament dels premis tindr\u00e0 lloc el pr\u00f2xim divendres 11 de desembre en l\u2019auditori de la Casa de la Cultura.<br \/>\nEn la gala d\u2019enguany actuar\u00e0 el grup El Diluvi, una formaci\u00f3 de m\u00fasica folk modern que fusiona estils musicals. Amb instruments de la zona mediterr\u00e0nia com el viol\u00ed, band\u00farria, guitarra flamenca o percussi\u00f3 creen un estil que anomenen mestissatge mediterrani. El grup s\u2019ha popularitzat arran del seu peculiar homenatge al cantautor alcoi\u00e0 Ovidi Montllor.<\/p>\n","protected":false},"excerpt":{"rendered":"<div class=\"mh-excerpt\">L\u2019Ajuntament de la Pobla de Vallbona ultima els detalls de la tercera edici\u00f3 dels Premis Comtessa Mar\u00eda de Luna. Uns guardons que representen un reconeixement p\u00fablic a persones i entitats de la localitat pel seu <a class=\"mh-excerpt-more\" href=\"https:\/\/www.tucomarca.com\/wordpress\/segunda\/el-proxim-11-de-desembre-es-lliuren-els-premis-comtessa-maria-de-luna-en-la-pobla-de-vallbona\/\" title=\"El pr\u00f2xim 11 de desembre es lliuren els premis Comtessa Mar\u00eda de Luna en La Pobla de Vallbona\">[+] <\/a><\/div>\n","protected":false},"author":2,"featured_media":0,"comment_status":"open","ping_status":"open","sticky":false,"template":"","format":"standard","meta":{"footnotes":""},"categories":[4,46,8,174,3],"tags":[1335,9562,4557],"class_list":{"0":"post-42324","1":"post","2":"type-post","3":"status-publish","4":"format-standard","6":"category-agenda","7":"category-camp-de-turia","8":"category-la-comarca","9":"category-la-pobla","10":"category-seccion","11":"tag-la-pobla-de-vallbona","12":"tag-maria-de-lluna","13":"tag-premis"},"_links":{"self":[{"href":"https:\/\/www.tucomarca.com\/wordpress\/segunda\/wp-json\/wp\/v2\/posts\/42324","targetHints":{"allow":["GET"]}}],"collection":[{"href":"https:\/\/www.tucomarca.com\/wordpress\/segunda\/wp-json\/wp\/v2\/posts"}],"about":[{"href":"https:\/\/www.tucomarca.com\/wordpress\/segunda\/wp-json\/wp\/v2\/types\/post"}],"author":[{"embeddable":true,"href":"https:\/\/www.tucomarca.com\/wordpress\/segunda\/wp-json\/wp\/v2\/users\/2"}],"replies":[{"embeddable":true,"href":"https:\/\/www.tucomarca.com\/wordpress\/segunda\/wp-json\/wp\/v2\/comments?post=42324"}],"version-history":[{"count":0,"href":"https:\/\/www.tucomarca.com\/wordpress\/segunda\/wp-json\/wp\/v2\/posts\/42324\/revisions"}],"wp:attachment":[{"href":"https:\/\/www.tucomarca.com\/wordpress\/segunda\/wp-json\/wp\/v2\/media?parent=42324"}],"wp:term":[{"taxonomy":"category","embeddable":true,"href":"https:\/\/www.tucomarca.com\/wordpress\/segunda\/wp-json\/wp\/v2\/categories?post=42324"},{"taxonomy":"post_tag","embeddable":true,"href":"https:\/\/www.tucomarca.com\/wordpress\/segunda\/wp-json\/wp\/v2\/tags?post=42324"}],"curies":[{"name":"wp","href":"https:\/\/api.w.org\/{rel}","templated":true}]}}